{"id":31425,"date":"2025-02-13T11:45:17","date_gmt":"2025-02-13T11:45:17","guid":{"rendered":"https:\/\/247stiri.ro\/index.php\/2025\/02\/13\/ce-se-intampla-cu-dreptul-la-munca-pentru-pensionarii-de-invaliditate-anuntul-ministerului-muncii\/"},"modified":"2025-02-13T11:45:17","modified_gmt":"2025-02-13T11:45:17","slug":"ce-se-intampla-cu-dreptul-la-munca-pentru-pensionarii-de-invaliditate-anuntul-ministerului-muncii","status":"publish","type":"post","link":"https:\/\/247stiri.ro\/index.php\/2025\/02\/13\/ce-se-intampla-cu-dreptul-la-munca-pentru-pensionarii-de-invaliditate-anuntul-ministerului-muncii\/","title":{"rendered":"Ce se \u00eent\u00e2mpl\u0103 cu dreptul la munc\u0103 pentru pensionarii de invaliditate. Anun\u021bul Ministerului Muncii"},"content":{"rendered":"<p>Decizia va permite pensionarilor de invaliditate s\u0103 lucreze \u00een sectoare potrivit cu afec\u0163iunile lor.<\/p>\n<p>\u201dNoul cadru legal deschide posibilitatea r\u0103m\u00e2nerii \u00een activitate \u015fi pentru pensionarii de invaliditate gradul I sau II, \u00een locuri de munc\u0103 sau activit\u0103\u0163i independente adaptate capacit\u0103\u0163ii lor de munc\u0103\u201d, a declarat Simona Bucura Oprescu, ministrul Muncii, Familiei, Tineretului \u015fi Solidarit\u0103\u0163ii Sociale.<\/p>\n<p>Potrivit datelor transmise de reprezentan\u0163ii ministerului, persoanele cu grad de invaliditate I sau II vor putea desf\u0103\u015fura activit\u0103\u0163i profesionale care corespund capacit\u0103\u0163ii lor de munc\u0103.<\/p>\n<p>De asemenea, defini\u0163iile gradelor de invaliditate au fost actualizate pentru a reflecta legisla\u0163ia \u00een vigoare.<\/p>\n<p>\u201dNoul cadru legal sprijin\u0103 integrarea pe pia\u0163a muncii \u015fi ofer\u0103 mai multe oportunit\u0103\u0163i celor afecta\u0163i\u201d, au precizat oficialii Ministerului Muncii.<\/p>","protected":false},"excerpt":{"rendered":"<p>Decizia va permite pensionarilor de invaliditate s\u0103 lucreze \u00een sectoare potrivit cu afec\u0163iunile lor. \u201dNoul&hellip;<\/p>\n","protected":false},"author":0,"featured_media":31426,"comment_status":"open","ping_status":"open","sticky":false,"template":"","format":"standard","meta":{"footnotes":""},"categories":[2],"tags":[],"class_list":["post-31425","post","type-post","status-publish","format-standard","has-post-thumbnail","hentry","category-actual"],"_links":{"self":[{"href":"https:\/\/247stiri.ro\/index.php\/wp-json\/wp\/v2\/posts\/31425","targetHints":{"allow":["GET"]}}],"collection":[{"href":"https:\/\/247stiri.ro\/index.php\/wp-json\/wp\/v2\/posts"}],"about":[{"href":"https:\/\/247stiri.ro\/index.php\/wp-json\/wp\/v2\/types\/post"}],"replies":[{"embeddable":true,"href":"https:\/\/247stiri.ro\/index.php\/wp-json\/wp\/v2\/comments?post=31425"}],"version-history":[{"count":0,"href":"https:\/\/247stiri.ro\/index.php\/wp-json\/wp\/v2\/posts\/31425\/revisions"}],"wp:featuredmedia":[{"embeddable":true,"href":"https:\/\/247stiri.ro\/index.php\/wp-json\/wp\/v2\/media\/31426"}],"wp:attachment":[{"href":"https:\/\/247stiri.ro\/index.php\/wp-json\/wp\/v2\/media?parent=31425"}],"wp:term":[{"taxonomy":"category","embeddable":true,"href":"https:\/\/247stiri.ro\/index.php\/wp-json\/wp\/v2\/categories?post=31425"},{"taxonomy":"post_tag","embeddable":true,"href":"https:\/\/247stiri.ro\/index.php\/wp-json\/wp\/v2\/tags?post=31425"}],"curies":[{"name":"wp","href":"https:\/\/api.w.org\/{rel}","templated":true}]}}