{"id":31429,"date":"2025-02-13T11:45:18","date_gmt":"2025-02-13T11:45:18","guid":{"rendered":"https:\/\/247stiri.ro\/index.php\/2025\/02\/13\/cine-cade-dupa-debarcarea-faraonului-ce-mutare-pregateste-opozitia-in-parlament\/"},"modified":"2025-02-13T11:45:18","modified_gmt":"2025-02-13T11:45:18","slug":"cine-cade-dupa-debarcarea-faraonului-ce-mutare-pregateste-opozitia-in-parlament","status":"publish","type":"post","link":"https:\/\/247stiri.ro\/index.php\/2025\/02\/13\/cine-cade-dupa-debarcarea-faraonului-ce-mutare-pregateste-opozitia-in-parlament\/","title":{"rendered":"Cine cade dup\u0103 debarcarea faraonului. Ce mutare preg\u0103te\u0219te opozi\u021bia \u00een Parlament"},"content":{"rendered":"<p>Sunt tensiuni uria\u0219e, deoarece opozi\u021bia acuz\u0103 c\u0103 inclusiv Guvernul este ilegitim, pentru c\u0103 a fost \u00eenvestit de un <a href=\"https:\/\/www.realitatea.net\/stiri\/politica\/klaus-iohannis-ar-putea-fi-cercetat-de-parchetul-general-pentru-inalta-tradare-un-magistrat-de-renume-rupe-tacerea-17-dosare-clasate-in-perioada-cat-a-beneficiat-de-imunitate_67ada2254e644d6b03085c53\" target=\"_blank\">pre\u0219edinte ilegitim<\/a>.\u00a0<\/p>\n<p>Potrivit Realitatea PLUS, pentru ca mo\u021biunea de cenzur\u0103 s\u0103 treac\u0103 este nevoie de toate voturile opozi\u021biei, adic\u0103 inclusiv votul celor din USR, dar \u0219i de alte 18 voturi din r\u00e2ndul membrilor coali\u021biei. Asta \u00eenseamn\u0103 c\u0103 ar fi nevoie inclusiv de parlamentari nemul\u021bumi\u021bi de actuala coali\u021bie sau de actuala guvernare, care \u0219i-ar dori s\u0103 demit\u0103 Guvernul.<\/p>\n<p>Surse politice afirm\u0103 c\u0103 \u00een interiorul PSD ar fi existat discu\u021bii despre ie\u0219irea de la guvernare sau despre o demisie a premierului Marcel Ciolacu, care \u00eens\u0103 nu s-au concretizat p\u00e2n\u0103 \u00een momentul de fa\u021b\u0103.\u00a0<\/p>\n<p>\u00cen aceast\u0103 diminea\u021b\u0103, premierul Ciolacu spunea c\u0103 nu este \u00eengrijorat c\u0103 ar putea s\u0103 cad\u0103 Guvernul \u0219i c\u0103 USR poate s\u0103 voteze aceast\u0103 mo\u021biune de cenzur\u0103.<\/p>\n<p>\u00cen ceea ce \u00eei prive\u0219te pe cei din USR, ace\u0219tia ar avea motive s\u0103 voteze mo\u021biunea, chiar dac\u0103 p\u00e2n\u0103 \u00een momentul de fa\u021b\u0103 au venit cu semnale mixte. \u00censu\u0219i lidera partidului, Elena Lasconi, spunea c\u0103 \u0219i-ar dori, totu\u0219i, intrarea la guvernare, s\u0103 reia negocierile pentru a aduce USR la guvernare, \u00eens\u0103 f\u0103r\u0103 actualul premier.\u00a0<\/p>\n<p>Astfel, nu este exclus ca cei din USR s\u0103 se al\u0103ture demersului ini\u021biat de celelalte partide din opozi\u021bie. Cel mai probabil, la \u00eenceputul s\u0103pt\u0103m\u00e2nii viitoare, vom putea vedea aceast\u0103 mo\u021biune \u00een Parlament.<\/p>\n<p>Sursele Realitatea PLUS avertizeaz\u0103 c\u0103 orice mi\u0219care care ar duce la ruperea coali\u021biei ne-ar putea aduce \u00een pragul unor alegeri anticipate.<\/p>","protected":false},"excerpt":{"rendered":"<p>Sunt tensiuni uria\u0219e, deoarece opozi\u021bia acuz\u0103 c\u0103 inclusiv Guvernul este ilegitim, pentru c\u0103 a fost&hellip;<\/p>\n","protected":false},"author":0,"featured_media":31417,"comment_status":"open","ping_status":"open","sticky":false,"template":"","format":"standard","meta":{"footnotes":""},"categories":[2],"tags":[],"class_list":["post-31429","post","type-post","status-publish","format-standard","has-post-thumbnail","hentry","category-actual"],"_links":{"self":[{"href":"https:\/\/247stiri.ro\/index.php\/wp-json\/wp\/v2\/posts\/31429","targetHints":{"allow":["GET"]}}],"collection":[{"href":"https:\/\/247stiri.ro\/index.php\/wp-json\/wp\/v2\/posts"}],"about":[{"href":"https:\/\/247stiri.ro\/index.php\/wp-json\/wp\/v2\/types\/post"}],"replies":[{"embeddable":true,"href":"https:\/\/247stiri.ro\/index.php\/wp-json\/wp\/v2\/comments?post=31429"}],"version-history":[{"count":0,"href":"https:\/\/247stiri.ro\/index.php\/wp-json\/wp\/v2\/posts\/31429\/revisions"}],"wp:featuredmedia":[{"embeddable":true,"href":"https:\/\/247stiri.ro\/index.php\/wp-json\/wp\/v2\/media\/31417"}],"wp:attachment":[{"href":"https:\/\/247stiri.ro\/index.php\/wp-json\/wp\/v2\/media?parent=31429"}],"wp:term":[{"taxonomy":"category","embeddable":true,"href":"https:\/\/247stiri.ro\/index.php\/wp-json\/wp\/v2\/categories?post=31429"},{"taxonomy":"post_tag","embeddable":true,"href":"https:\/\/247stiri.ro\/index.php\/wp-json\/wp\/v2\/tags?post=31429"}],"curies":[{"name":"wp","href":"https:\/\/api.w.org\/{rel}","templated":true}]}}