{"id":31431,"date":"2025-02-13T11:45:18","date_gmt":"2025-02-13T11:45:18","guid":{"rendered":"https:\/\/247stiri.ro\/index.php\/2025\/02\/13\/gabriela-szabo-concediata-abuziv-de-nicusor-dan-fosta-campioana-olimpica-si-a-castigat-dreptatea-in-instanta\/"},"modified":"2025-02-13T11:45:18","modified_gmt":"2025-02-13T11:45:18","slug":"gabriela-szabo-concediata-abuziv-de-nicusor-dan-fosta-campioana-olimpica-si-a-castigat-dreptatea-in-instanta","status":"publish","type":"post","link":"https:\/\/247stiri.ro\/index.php\/2025\/02\/13\/gabriela-szabo-concediata-abuziv-de-nicusor-dan-fosta-campioana-olimpica-si-a-castigat-dreptatea-in-instanta\/","title":{"rendered":"Gabriela Szabo, concediat\u0103 ABUZIV de Nicu\u0219or Dan. Fosta campioan\u0103 olimpic\u0103 \u0219i-a c\u00e2\u0219tigat dreptatea \u00een instan\u021b\u0103"},"content":{"rendered":"<p>Fosta atlet\u0103 este deranjat\u0103 \u00een special de modul \u00een care primarul a gestionat situa\u021bia \u0219i de motivele invocate pentru a se for\u021ba \u00eendep\u0103rtarea ei din fruntea clubului. Totodat\u0103, Gabriela Szabo a fost \u0219ocat\u0103 \u0219i c\u0103 Nicu\u0219or Dan nici m\u0103car nu a avut o discu\u021bie cu ea \u00eenainte s\u0103 o anun\u021be de decizia luat\u0103.<\/p>\n<p>Primarul General al Capitalei\u00a0a acuzat managementul defectuos ca motiv de \u00eendep\u0103rtare a fostei campioane olimpice din func\u021bia de director general al CSM. Gabriela Szabo nu a acceptat nici decizia de deta\u0219are din func\u021bie.<\/p>\n<p>\u00centrebat\u0103 dac\u0103 a \u00eencercat s\u0103 \u00eel confrunte pe Nicu\u0219or Dan \u00een ceea ce prive\u0219te \u00eenl\u0103turarea sa din func\u021bia de director general al CSM Bucure\u0219ti, Gabi Szabo a subliniat faptul c\u0103 \u00een loc s\u0103 \u00eei comunice \u00een persoan\u0103 decizia de a o concedia, primarul a decis s\u0103 publice pe Facebook vestea, pun\u00e2nd \u00eentre cei doi un \u201ezid\u201d.<\/p>\n<p>\u00cen urma acestei deta\u0219\u0103ri abuzive din partea Primarului Capitalei, Gabi Szabo a ac\u021bionat \u00een instan\u021b\u0103 \u0219i a c\u00e2\u0219tigat.<\/p>\n<p>\u201dNu. \u00cenainte de a lua o asemenea m\u0103sur\u0103 sau o asemenea decizie, s\u0103 discu\u021bi cu persoana respectiv\u0103 \u0219i s\u0103 o pui, adic\u0103 s\u0103 \u00eei aduci la cuno\u0219tin\u021b\u0103 acuzele, nu s\u0103 afle de pe Facebook. \u00cen momentul respectiv, c\u00e2nd el deja a comunicat pe Facebook, mie mi s-a p\u0103rut \u0219i mi se pare \u0219i azi c\u0103 a pus efectiv un zid \u00eentre mine \u0219i func\u021bia de primar general al capitalei.<\/p>\n<p>Am luat leg\u0103tur\u0103 cu avoca\u021bii s\u0103 vedem care este solu\u021bia, ce trebuie s\u0103 fac. \u0218i sunt dou\u0103: una, s\u0103 accept c\u0103 are dreptate cu acea comunicare de pe Facebook, iar a doua s\u0103 nu accept \u0219i s\u0103 caut dreptate \u00een instan\u021b\u0103. Am c\u00e2\u0219tigat dup\u0103 6 luni de zile. A fost o deta\u0219are abuziv\u0103. M-a repus pe data de 29 \u0219i \u021bin minte, octombrie, c\u0103 la c\u00e2teva ore s\u0103 mi se dea \u0219i dispozi\u021bia de concediere. Mie mi s-a desf\u0103cut contractul de munc\u0103 pentru lips\u0103 din inventariere a unei camere de luat vederi, oameni buni.\u201d, a declarat Gabriela Szabo \u00een cadrul unui podcast.<\/p>\n<p>\u00a0<\/p>","protected":false},"excerpt":{"rendered":"<p>Fosta atlet\u0103 este deranjat\u0103 \u00een special de modul \u00een care primarul a gestionat situa\u021bia \u0219i&hellip;<\/p>\n","protected":false},"author":0,"featured_media":31432,"comment_status":"open","ping_status":"open","sticky":false,"template":"","format":"standard","meta":{"footnotes":""},"categories":[2],"tags":[],"class_list":["post-31431","post","type-post","status-publish","format-standard","has-post-thumbnail","hentry","category-actual"],"_links":{"self":[{"href":"https:\/\/247stiri.ro\/index.php\/wp-json\/wp\/v2\/posts\/31431","targetHints":{"allow":["GET"]}}],"collection":[{"href":"https:\/\/247stiri.ro\/index.php\/wp-json\/wp\/v2\/posts"}],"about":[{"href":"https:\/\/247stiri.ro\/index.php\/wp-json\/wp\/v2\/types\/post"}],"replies":[{"embeddable":true,"href":"https:\/\/247stiri.ro\/index.php\/wp-json\/wp\/v2\/comments?post=31431"}],"version-history":[{"count":0,"href":"https:\/\/247stiri.ro\/index.php\/wp-json\/wp\/v2\/posts\/31431\/revisions"}],"wp:featuredmedia":[{"embeddable":true,"href":"https:\/\/247stiri.ro\/index.php\/wp-json\/wp\/v2\/media\/31432"}],"wp:attachment":[{"href":"https:\/\/247stiri.ro\/index.php\/wp-json\/wp\/v2\/media?parent=31431"}],"wp:term":[{"taxonomy":"category","embeddable":true,"href":"https:\/\/247stiri.ro\/index.php\/wp-json\/wp\/v2\/categories?post=31431"},{"taxonomy":"post_tag","embeddable":true,"href":"https:\/\/247stiri.ro\/index.php\/wp-json\/wp\/v2\/tags?post=31431"}],"curies":[{"name":"wp","href":"https:\/\/api.w.org\/{rel}","templated":true}]}}