{"id":31481,"date":"2025-02-13T14:45:24","date_gmt":"2025-02-13T14:45:24","guid":{"rendered":"https:\/\/247stiri.ro\/index.php\/2025\/02\/13\/george-simion-declaratie-controversata-niusor-dan-e-omul-sistemului-suma-colosala-pe-care-ar-fi-primit-o-edilul-capitalei\/"},"modified":"2025-02-13T14:45:24","modified_gmt":"2025-02-13T14:45:24","slug":"george-simion-declaratie-controversata-niusor-dan-e-omul-sistemului-suma-colosala-pe-care-ar-fi-primit-o-edilul-capitalei","status":"publish","type":"post","link":"https:\/\/247stiri.ro\/index.php\/2025\/02\/13\/george-simion-declaratie-controversata-niusor-dan-e-omul-sistemului-suma-colosala-pe-care-ar-fi-primit-o-edilul-capitalei\/","title":{"rendered":"George Simion, declara\u021bie controversat\u0103: &#8222;Niu\u0219or Dan e omul SISTEMULUI&#8221;. Suma colosal\u0103 pe care ar fi primit-o edilul Capitalei"},"content":{"rendered":"<p>&#8222;Gestul de ieri (luni &#8211; n.r.) al dnei Lasconi &#8211; combinat cu aceast\u0103 declara\u021bie &#8211; arat\u0103 c\u0103 \u0219i dna Lasconi este un om la Sistemului ca \u0219i contracandidatul ei pe zona progresist\u0103, Nicu\u0219or Dan.\u00a0<\/p>\n<p>Eu am spus public. Sunt 200.000 de euro, pe care primarul Bucure\u0219tiului &#8211; o func\u021bie foarte important\u0103, foarte u\u0219or po\u021bi c\u0103dea \u00een p\u0103catul corup\u021bie dintr-o pozi\u021bie ca cea de primar al Bucure\u0219tiului &#8211; primarul Bucure;tiului tocmai a primit 200.000 de euro. La fel ca \u00een campania pentru alegerile locale, nu face lista donatorilor public\u0103&#8221;, a declarat George Simion la Realitatea PLUS.\u00a0<\/p>","protected":false},"excerpt":{"rendered":"<p>&#8222;Gestul de ieri (luni &#8211; n.r.) al dnei Lasconi &#8211; combinat cu aceast\u0103 declara\u021bie &#8211;&hellip;<\/p>\n","protected":false},"author":0,"featured_media":31482,"comment_status":"open","ping_status":"open","sticky":false,"template":"","format":"standard","meta":{"footnotes":""},"categories":[3],"tags":[],"class_list":["post-31481","post","type-post","status-publish","format-standard","has-post-thumbnail","hentry","category-politica"],"_links":{"self":[{"href":"https:\/\/247stiri.ro\/index.php\/wp-json\/wp\/v2\/posts\/31481","targetHints":{"allow":["GET"]}}],"collection":[{"href":"https:\/\/247stiri.ro\/index.php\/wp-json\/wp\/v2\/posts"}],"about":[{"href":"https:\/\/247stiri.ro\/index.php\/wp-json\/wp\/v2\/types\/post"}],"replies":[{"embeddable":true,"href":"https:\/\/247stiri.ro\/index.php\/wp-json\/wp\/v2\/comments?post=31481"}],"version-history":[{"count":0,"href":"https:\/\/247stiri.ro\/index.php\/wp-json\/wp\/v2\/posts\/31481\/revisions"}],"wp:featuredmedia":[{"embeddable":true,"href":"https:\/\/247stiri.ro\/index.php\/wp-json\/wp\/v2\/media\/31482"}],"wp:attachment":[{"href":"https:\/\/247stiri.ro\/index.php\/wp-json\/wp\/v2\/media?parent=31481"}],"wp:term":[{"taxonomy":"category","embeddable":true,"href":"https:\/\/247stiri.ro\/index.php\/wp-json\/wp\/v2\/categories?post=31481"},{"taxonomy":"post_tag","embeddable":true,"href":"https:\/\/247stiri.ro\/index.php\/wp-json\/wp\/v2\/tags?post=31481"}],"curies":[{"name":"wp","href":"https:\/\/api.w.org\/{rel}","templated":true}]}}