{"id":31483,"date":"2025-02-13T14:45:26","date_gmt":"2025-02-13T14:45:26","guid":{"rendered":"https:\/\/247stiri.ro\/index.php\/2025\/02\/13\/o-noua-sfidare-a-olandezilor-in-scandalul-furtului-tezaurului-dacic-au-intrerupt-orice-comunicare-cu-noi-pentru-ca-am-dezvaluit-date-confidentiale-din-contract\/"},"modified":"2025-02-13T14:45:26","modified_gmt":"2025-02-13T14:45:26","slug":"o-noua-sfidare-a-olandezilor-in-scandalul-furtului-tezaurului-dacic-au-intrerupt-orice-comunicare-cu-noi-pentru-ca-am-dezvaluit-date-confidentiale-din-contract","status":"publish","type":"post","link":"https:\/\/247stiri.ro\/index.php\/2025\/02\/13\/o-noua-sfidare-a-olandezilor-in-scandalul-furtului-tezaurului-dacic-au-intrerupt-orice-comunicare-cu-noi-pentru-ca-am-dezvaluit-date-confidentiale-din-contract\/","title":{"rendered":"O nou\u0103 sfidare a olandezilor \u00een scandalul furtului tezaurului dacic: Au \u00eentrerupt orice comunicare cu noi pentru c\u0103 &#8222;am dezv\u0103luit date confiden\u0163iale din contract&#8221;"},"content":{"rendered":"<p>Decizia vine dup\u0103 ce, la o conferin\u021b\u0103 de pres\u0103, Diana Baciuna, secretarul de stat \u00een Ministerul Culturii, a f\u0103cut publice detalii din contractul pentru organizarea expozi\u021biei \u201eDacia! Empire of Gold and Silver&#8221; la Assen.\u00a0<\/p>\n<p>\u201eDin p\u0103cate, colegii olandezi au comunicat echipei de curieri care a plecat s\u0103 demonteze \u015fi s\u0103 repatrieze expozi\u0163ia c\u0103, din momentul \u00een care noi am dezv\u0103luit date confiden\u0163iale din contract, date care m\u0103resc presiunea asupra anchetatorilor, pentru c\u0103 acum ho\u0163ii \u015ftiu nu numai c\u0103 au furat ni\u015fte piese importante, dar au \u015fi o idee de ordin de m\u0103rime care le permite s\u0103 \u015fantajeze mai u\u015for&#8221;, a spus fostul director \u00een cadrul podcastului \u201eZi de muzeu&#8221;, realizat de Funda\u0163ia Prietenii Muzeului Na\u0163ional de Istorie a Rom\u00e2niei.\u00a0<\/p>\n<p>Furtul celor patru comori rom\u00e2ne\u0219ti din aur de la Muzeul Drents, survenit la sf\u00e2r\u0219itul lunii ianuarie, ar putea costa statul olandez suma de 5,8 milioane de euro \u00een cazul \u00een care artefactele nu sunt recuperate. Muzeul Drents din Assen a asigurat Coiful de aur \u0219i cele trei br\u0103\u021b\u0103ri \u00eemprumutate din Rom\u00e2nia pentru aceast\u0103 sum\u0103. \u00centreaga colec\u021bie, care cuprinde 673 de obiecte, este asigurat\u0103 pentru o valoare ce dep\u0103\u0219e\u0219te 30 de milioane de euro.<\/p>\n<p><a title=\"Erori uriase au dus la furtul tezaurului marilor REGI DACI. Raport devastator al corpului de control al premierului - DOCUMENT\" href=\"https:\/\/www.realitatea.net\/stiri\/actual\/erori-uriase-au-dus-la-furtul-tezaurului-marilor-regi-daci-raport-devastator-al-corpului-de-control-al-guvernului_67a4d15dc94fe125f62809e2\">Erori uria\u0219e au dus la furtul tezaurului marilor REGI DACI. Raport devastator al corpului de control al premierului &#8211; DOCUMENT<\/a><\/p>\n<p>Guvernul olandez a garantat pu\u021bin peste 9 milioane de euro din aceast\u0103 sum\u0103, ceea ce \u00eenseamn\u0103 c\u0103, \u00een situa\u021bia unui furt, al unei pierderi sau al unei deterior\u0103ri, guvernul va fi par\u021bial responsabil \u0219i va trebui s\u0103 pl\u0103teasc\u0103 desp\u0103gubiri. Asigurarea muzeului va fi activat\u0103 doar \u00een cazul \u00een care valoarea pagubelor dep\u0103\u0219e\u0219te suma garantat\u0103 de guvern. Referitor la acuza\u021bia conform c\u0103reia expozi\u021bia ar fi necesitat o hot\u0103r\u00e2re de Guvern pentru a fi realizat\u0103, fostul director al MNIR a adus l\u0103muriri:<\/p>\n<p>\u201eHot\u0103r\u00e2rea de Guvern este necesar\u0103 doar atunci c\u00e2nd la realizarea expozi\u0163iei colaboreaz\u0103 mai multe autorit\u0103\u0163i \u015fi institu\u0163ii. Aceast\u0103 expozi\u0163ie nu s-a f\u0103cut dec\u00e2t prin participarea Muzeului Na\u0163ional de Istorie \u00eempreun\u0103 cu partenerii lui, dar partea propriu-zis\u0103 de resurse umane \u015fi financiare au fost date de MNIR. Aceste hot\u0103r\u00e2ri de Guvern au fost folosite pentru expozi\u0163ii foarte importante pe care Guvernul Rom\u00e2niei a vrut s\u0103 le fac\u0103 pentru evenimente importante de natur\u0103 politic\u0103, parteneriate strategice&#8221;, a spus Ernest Oberl\u00e4nder-T\u00e2rnoveanu.<\/p>\n<p><a title=\"Suspectii in cazul furtului exponatelor de la Muzeul Drents vor ramane in inchisoare inca 90 de zile: tezaurul, in continuare de negasit\" href=\"https:\/\/www.realitatea.net\/stiri\/actual\/dosarul-tezaurului-dacic-suspecti-in-cazul-furtului-exponatelor-de-la-muzeul-drents-vor-ramane-in-inchisoare-inca-90-de-zile-exponatele-in-continuare-de-negasit_67ad9975e6440935dd2f45a2\">Suspec\u0163ii \u00een cazul furtului exponatelor de la Muzeul Drents vor r\u0103m\u00e2ne \u00een \u00eenchisoare \u00eenc\u0103 90 de zile: tezaurul, \u00een continuare de neg\u0103sit<\/a><\/p>","protected":false},"excerpt":{"rendered":"<p>Decizia vine dup\u0103 ce, la o conferin\u021b\u0103 de pres\u0103, Diana Baciuna, secretarul de stat \u00een&hellip;<\/p>\n","protected":false},"author":0,"featured_media":31484,"comment_status":"open","ping_status":"open","sticky":false,"template":"","format":"standard","meta":{"footnotes":""},"categories":[2],"tags":[],"class_list":["post-31483","post","type-post","status-publish","format-standard","has-post-thumbnail","hentry","category-actual"],"_links":{"self":[{"href":"https:\/\/247stiri.ro\/index.php\/wp-json\/wp\/v2\/posts\/31483","targetHints":{"allow":["GET"]}}],"collection":[{"href":"https:\/\/247stiri.ro\/index.php\/wp-json\/wp\/v2\/posts"}],"about":[{"href":"https:\/\/247stiri.ro\/index.php\/wp-json\/wp\/v2\/types\/post"}],"replies":[{"embeddable":true,"href":"https:\/\/247stiri.ro\/index.php\/wp-json\/wp\/v2\/comments?post=31483"}],"version-history":[{"count":0,"href":"https:\/\/247stiri.ro\/index.php\/wp-json\/wp\/v2\/posts\/31483\/revisions"}],"wp:featuredmedia":[{"embeddable":true,"href":"https:\/\/247stiri.ro\/index.php\/wp-json\/wp\/v2\/media\/31484"}],"wp:attachment":[{"href":"https:\/\/247stiri.ro\/index.php\/wp-json\/wp\/v2\/media?parent=31483"}],"wp:term":[{"taxonomy":"category","embeddable":true,"href":"https:\/\/247stiri.ro\/index.php\/wp-json\/wp\/v2\/categories?post=31483"},{"taxonomy":"post_tag","embeddable":true,"href":"https:\/\/247stiri.ro\/index.php\/wp-json\/wp\/v2\/tags?post=31483"}],"curies":[{"name":"wp","href":"https:\/\/api.w.org\/{rel}","templated":true}]}}