{"id":31488,"date":"2025-02-13T14:45:30","date_gmt":"2025-02-13T14:45:30","guid":{"rendered":"https:\/\/247stiri.ro\/index.php\/2025\/02\/13\/rares-bogdan-europa-pare-o-distinsa-doamna-batrana-ajunsa-intr-un-scaun-cu-rotile-video\/"},"modified":"2025-02-13T14:45:30","modified_gmt":"2025-02-13T14:45:30","slug":"rares-bogdan-europa-pare-o-distinsa-doamna-batrana-ajunsa-intr-un-scaun-cu-rotile-video","status":"publish","type":"post","link":"https:\/\/247stiri.ro\/index.php\/2025\/02\/13\/rares-bogdan-europa-pare-o-distinsa-doamna-batrana-ajunsa-intr-un-scaun-cu-rotile-video\/","title":{"rendered":"Rare\u0219 Bogdan: \u201eEuropa pare o distins\u0103 doamn\u0103 b\u0103tr\u00e2n\u0103, ajuns\u0103 \u00eentr-un scaun cu rotile\u201d | VIDEO"},"content":{"rendered":"<p>\u201e\u00cen aceste zile se decide viitorul Europei. Cet\u0103\u021benii europeni cer: de\u0219tepta\u021bi-v\u0103! Dar Europa noastr\u0103 administrativ\u0103, politic\u0103 \u0219i economic\u0103 pare c\u0103 nu \u00een\u021belege. Pare o Distins\u0103 Doamn\u0103 b\u0103tr\u00e2n\u0103 ajuns\u0103 \u00een scaun cu rotile. Cet\u0103\u021benii se radicalizeaz\u0103, cer s\u0103 ne adapt\u0103m iar Europa noastr\u0103 de la Bruxelles, Paris, Berlin, Madrid sau Strasbourg dormind pe propria cultur\u0103 uluitoare, a devenit \u00eencrezut\u0103 \u0219i surd\u0103. Defil\u0103m cu un concept minunat, libertatea, dar Winston Churchill spunea c\u0103 dup\u0103 ce am ridicat-o \u00een sl\u0103vi, trebuie \u0219i ap\u0103rat\u0103! \u0218i ce facem noi? Ne uit\u0103m cu arogan\u021b\u0103 la americani c\u0103 n-au suficient\u0103 cultur\u0103. \u00cei \u00eenjur\u0103m pe chinezi, dar nu ei ne-au for\u021bat s\u0103 le devenim pia\u021b\u0103 de desfacere. Am dezvoltat tehnologii \u0219i le-am exportat \u00een SUA \u0219i China \u0219i acum ne pl\u00e2ngem c\u0103 pierdem r\u0103zboaiele competitivit\u0103\u021bii. Dac\u0103 spunem c\u0103 femeile sunt femei, iar b\u0103rba\u021bii, b\u0103rba\u021bi, fereasc\u0103 Dumnezeu, suntem repudia\u021bi. Libertatea de con\u0219tiin\u021b\u0103 este inviolabil\u0103, dar s\u0103 nu-l m\u00e2niem pe Dumnezeu! Nu e p\u0103cat de Uniunea European\u0103, cea mai nobil\u0103 construc\u021bie? Nu e p\u0103cat de istoria noastr\u0103 milenar\u0103, dac\u0103 nu corect\u0103m gre\u0219elile \u0219i mai ales dac\u0103 nu ne trezim ?!\u201d,\u00a0 a declarat Rare\u0219 Bogdan.<\/p>","protected":false},"excerpt":{"rendered":"<p>\u201e\u00cen aceste zile se decide viitorul Europei. Cet\u0103\u021benii europeni cer: de\u0219tepta\u021bi-v\u0103! Dar Europa noastr\u0103 administrativ\u0103,&hellip;<\/p>\n","protected":false},"author":0,"featured_media":31480,"comment_status":"open","ping_status":"open","sticky":false,"template":"","format":"standard","meta":{"footnotes":""},"categories":[2],"tags":[],"class_list":["post-31488","post","type-post","status-publish","format-standard","has-post-thumbnail","hentry","category-actual"],"_links":{"self":[{"href":"https:\/\/247stiri.ro\/index.php\/wp-json\/wp\/v2\/posts\/31488","targetHints":{"allow":["GET"]}}],"collection":[{"href":"https:\/\/247stiri.ro\/index.php\/wp-json\/wp\/v2\/posts"}],"about":[{"href":"https:\/\/247stiri.ro\/index.php\/wp-json\/wp\/v2\/types\/post"}],"replies":[{"embeddable":true,"href":"https:\/\/247stiri.ro\/index.php\/wp-json\/wp\/v2\/comments?post=31488"}],"version-history":[{"count":0,"href":"https:\/\/247stiri.ro\/index.php\/wp-json\/wp\/v2\/posts\/31488\/revisions"}],"wp:featuredmedia":[{"embeddable":true,"href":"https:\/\/247stiri.ro\/index.php\/wp-json\/wp\/v2\/media\/31480"}],"wp:attachment":[{"href":"https:\/\/247stiri.ro\/index.php\/wp-json\/wp\/v2\/media?parent=31488"}],"wp:term":[{"taxonomy":"category","embeddable":true,"href":"https:\/\/247stiri.ro\/index.php\/wp-json\/wp\/v2\/categories?post=31488"},{"taxonomy":"post_tag","embeddable":true,"href":"https:\/\/247stiri.ro\/index.php\/wp-json\/wp\/v2\/tags?post=31488"}],"curies":[{"name":"wp","href":"https:\/\/api.w.org\/{rel}","templated":true}]}}