{"id":31496,"date":"2025-02-13T15:45:07","date_gmt":"2025-02-13T15:45:07","guid":{"rendered":"https:\/\/247stiri.ro\/index.php\/2025\/02\/13\/dosar-penal-dupa-noul-cod-silvic-firma-din-bihor-prinsa-cu-un-minus-de-99-in-stocul-de-lemn\/"},"modified":"2025-02-13T15:45:07","modified_gmt":"2025-02-13T15:45:07","slug":"dosar-penal-dupa-noul-cod-silvic-firma-din-bihor-prinsa-cu-un-minus-de-99-in-stocul-de-lemn","status":"publish","type":"post","link":"https:\/\/247stiri.ro\/index.php\/2025\/02\/13\/dosar-penal-dupa-noul-cod-silvic-firma-din-bihor-prinsa-cu-un-minus-de-99-in-stocul-de-lemn\/","title":{"rendered":"Dosar penal dup\u0103 noul Cod Silvic. Firm\u0103 din Bihor, prins\u0103 cu un minus de 99% \u00een stocul de lemn"},"content":{"rendered":"<p>Cazul a fost descoperit de poli\u021bi\u0219tii Biroului pentru Protec\u021bia Fondului Forestier \u0219i Piscicol din cadrul IPJ Bihor, \u00een urma unui control realizat \u00eempreun\u0103 cu Garda Forestier\u0103 Oradea la un depozit de lemn din localitatea M\u0103d\u0103ras, scrie <a href=\"https:\/\/www.ebihoreanul.ro\/stiri\/codul-silvic-s-a-schimbat-o-firma-din-bihor-prinsa-cu-un-minus-de-99-in-stocul-de-lemn-anchetata-penal-191971.html\" target=\"_blank\">eBihoreanul.<\/a><\/p>\n<p>Verific\u0103rile au scos la iveal\u0103 un dezechilibru major: \u00een loc de 47,592 metri cubi de cherestea, conform actelor, \u00een depozit se aflau doar 0,278 metri cubi. \u00cen urma controlului, poli\u021bi\u0219tii Biroului pentru Protec\u021bia Fondului Forestier \u0219i Piscicol din cadrul IPJ Bihor au deschis un dosar penal pentru firma verificat\u0103. Contravaloarea lemnului lips\u0103, de peste 34.000 de lei, reprezint\u0103 prejudiciu \u00een dosar.<\/p>\n<p>Dup\u0103 modificarea Codului Silvic, \u00een cazul unor diferen\u021be mai mari de 20% \u00eentre stocul scriptic \u0219i cel real &#8211; dar nu mai pu\u021bin de 10 metri cubi &#8211; cei g\u0103si\u021bi vinova\u021bi risc\u0103 s\u0103 fac\u0103 \u00eenchisoare de la 1 la 5 ani.<\/p>\n<p>\u00a0\u00a0<\/p>\n<p>Cercet\u0103rile sunt coordonate de un procuror de la Parchetul Salonta.<\/p>","protected":false},"excerpt":{"rendered":"<p>Cazul a fost descoperit de poli\u021bi\u0219tii Biroului pentru Protec\u021bia Fondului Forestier \u0219i Piscicol din cadrul&hellip;<\/p>\n","protected":false},"author":0,"featured_media":31497,"comment_status":"open","ping_status":"open","sticky":false,"template":"","format":"standard","meta":{"footnotes":""},"categories":[2],"tags":[],"class_list":["post-31496","post","type-post","status-publish","format-standard","has-post-thumbnail","hentry","category-actual"],"_links":{"self":[{"href":"https:\/\/247stiri.ro\/index.php\/wp-json\/wp\/v2\/posts\/31496","targetHints":{"allow":["GET"]}}],"collection":[{"href":"https:\/\/247stiri.ro\/index.php\/wp-json\/wp\/v2\/posts"}],"about":[{"href":"https:\/\/247stiri.ro\/index.php\/wp-json\/wp\/v2\/types\/post"}],"replies":[{"embeddable":true,"href":"https:\/\/247stiri.ro\/index.php\/wp-json\/wp\/v2\/comments?post=31496"}],"version-history":[{"count":0,"href":"https:\/\/247stiri.ro\/index.php\/wp-json\/wp\/v2\/posts\/31496\/revisions"}],"wp:featuredmedia":[{"embeddable":true,"href":"https:\/\/247stiri.ro\/index.php\/wp-json\/wp\/v2\/media\/31497"}],"wp:attachment":[{"href":"https:\/\/247stiri.ro\/index.php\/wp-json\/wp\/v2\/media?parent=31496"}],"wp:term":[{"taxonomy":"category","embeddable":true,"href":"https:\/\/247stiri.ro\/index.php\/wp-json\/wp\/v2\/categories?post=31496"},{"taxonomy":"post_tag","embeddable":true,"href":"https:\/\/247stiri.ro\/index.php\/wp-json\/wp\/v2\/tags?post=31496"}],"curies":[{"name":"wp","href":"https:\/\/api.w.org\/{rel}","templated":true}]}}