{"id":31500,"date":"2025-02-13T15:45:08","date_gmt":"2025-02-13T15:45:08","guid":{"rendered":"https:\/\/247stiri.ro\/index.php\/2025\/02\/13\/avocatul-toni-neacsu-fost-membru-ccr-dezamoreaza-fumigena-lui-adrian-nastase-un-mandat-prezidential-se-incheie-si-prin-demitere-sau-demisie-tot-mandat-intreg-este\/"},"modified":"2025-02-13T15:45:08","modified_gmt":"2025-02-13T15:45:08","slug":"avocatul-toni-neacsu-fost-membru-ccr-dezamoreaza-fumigena-lui-adrian-nastase-un-mandat-prezidential-se-incheie-si-prin-demitere-sau-demisie-tot-mandat-intreg-este","status":"publish","type":"post","link":"https:\/\/247stiri.ro\/index.php\/2025\/02\/13\/avocatul-toni-neacsu-fost-membru-ccr-dezamoreaza-fumigena-lui-adrian-nastase-un-mandat-prezidential-se-incheie-si-prin-demitere-sau-demisie-tot-mandat-intreg-este\/","title":{"rendered":"Avocatul Toni Neac\u0219u, fost membru CCR, dezamoreaz\u0103 fumigena lui Adrian N\u0103stase:  Un mandat preziden\u021bial se \u00eencheie \u0219i prin demitere sau demisie. Tot mandat \u00eentreg este"},"content":{"rendered":"<p>&#8222;Aten\u021bie!, un mandat preziden\u021bial se \u00eencheie fie prin ajungerea la termen, fie prin demitere, fie prin demisie. Tot un mandat \u00eentreg se pune&#8221;, a scris Toni Neac\u0219u.\u00a0&#8222;Constitu\u021bia nu interzice mai mult de 2 mandate complete de c\u00e2te 5 ani ci doar mai mult de 2 mandate, indiferent cum s-au \u00eencheiat ele. Constitu\u021bia nu \u00ee\u021bi garanteaz\u0103, mort-copt, 10 ani ca pre\u0219edinte ci doar cel mult 2 mandate.\u00a0Adrian N\u0103stase este un jurist excep\u021bional dar uneori \u00eei arde de glume cam sadice. Acest mesaj nu se va \u0219terge dup\u0103 2 ore&#8221;, a \u00eencheiat, ironic, fostul judec\u0103tor CCR <a class=\"x1i10hfl xjbqb8w x1ejq31n xd10rxx x1sy0etr x17r0tee x972fbf xcfux6l x1qhh985 xm0m39n x9f619 x1ypdohk xt0psk2 xe8uvvx xdj266r x11i5rnm xat24cr x1mh8g0r xexx8yu x4uap5 x18d9i69 xkhd6sd x16tdsg8 x1hl2dhg xggy1nq x1a2a7pz x1sur9pj xkrqix3 xzsf02u x1s688f\" href=\"https:\/\/www.facebook.com\/@atneacsu\/?__cft__%5B0%5D=AZWTAj6G68ij8ptTwyMZ-qwrIvYHIcWOfV0bbmTy2YLEWwVhZjrpAhrQLMDaGJWZRrV5YjAY-LE2KCmPi3751v6iP6kN8ceM1p3h-t-jsp8f0qrLi9phcJuql5Sw0U_qwmvtqGiBvCdI8W59OID-An6wTWQCnGbf5CSbD-GrkgjzpBFlTvfMoi3zf00KjWYVC4U&amp;__tn__=-UC%2CP-R\">Toni Neacsu.<\/a>\u00a0<\/p>\n<p><a href=\"https:\/\/www.realitatea.net\/stiri\/politica\/un-fost-premier-al-romaniei-lanseaza-bomba-klaus-iohannis-poate-candida-din-nou-la-prezidentiale_67adcf2fea93c4103040d722\" target=\"_blank\">Adrian N\u0103stase lanseaz\u0103 bomba: &#8222;Klaus Iohannis POATE CANDIDA din nou la preziden\u021biale.&#8221; C\u00e2t de realist este scenariul? <\/a><\/p>\n<p>\u00a0\u00a0<\/p>","protected":false},"excerpt":{"rendered":"<p>&#8222;Aten\u021bie!, un mandat preziden\u021bial se \u00eencheie fie prin ajungerea la termen, fie prin demitere, fie&hellip;<\/p>\n","protected":false},"author":0,"featured_media":31493,"comment_status":"open","ping_status":"open","sticky":false,"template":"","format":"standard","meta":{"footnotes":""},"categories":[2],"tags":[],"class_list":["post-31500","post","type-post","status-publish","format-standard","has-post-thumbnail","hentry","category-actual"],"_links":{"self":[{"href":"https:\/\/247stiri.ro\/index.php\/wp-json\/wp\/v2\/posts\/31500","targetHints":{"allow":["GET"]}}],"collection":[{"href":"https:\/\/247stiri.ro\/index.php\/wp-json\/wp\/v2\/posts"}],"about":[{"href":"https:\/\/247stiri.ro\/index.php\/wp-json\/wp\/v2\/types\/post"}],"replies":[{"embeddable":true,"href":"https:\/\/247stiri.ro\/index.php\/wp-json\/wp\/v2\/comments?post=31500"}],"version-history":[{"count":0,"href":"https:\/\/247stiri.ro\/index.php\/wp-json\/wp\/v2\/posts\/31500\/revisions"}],"wp:featuredmedia":[{"embeddable":true,"href":"https:\/\/247stiri.ro\/index.php\/wp-json\/wp\/v2\/media\/31493"}],"wp:attachment":[{"href":"https:\/\/247stiri.ro\/index.php\/wp-json\/wp\/v2\/media?parent=31500"}],"wp:term":[{"taxonomy":"category","embeddable":true,"href":"https:\/\/247stiri.ro\/index.php\/wp-json\/wp\/v2\/categories?post=31500"},{"taxonomy":"post_tag","embeddable":true,"href":"https:\/\/247stiri.ro\/index.php\/wp-json\/wp\/v2\/tags?post=31500"}],"curies":[{"name":"wp","href":"https:\/\/api.w.org\/{rel}","templated":true}]}}