{"id":31503,"date":"2025-02-13T15:45:09","date_gmt":"2025-02-13T15:45:09","guid":{"rendered":"https:\/\/247stiri.ro\/index.php\/2025\/02\/13\/primul-mesaj-trimis-de-ilie-bolojan-in-calitate-de-presedinte-interimar-de-la-palatul-cotroceni\/"},"modified":"2025-02-13T15:45:09","modified_gmt":"2025-02-13T15:45:09","slug":"primul-mesaj-trimis-de-ilie-bolojan-in-calitate-de-presedinte-interimar-de-la-palatul-cotroceni","status":"publish","type":"post","link":"https:\/\/247stiri.ro\/index.php\/2025\/02\/13\/primul-mesaj-trimis-de-ilie-bolojan-in-calitate-de-presedinte-interimar-de-la-palatul-cotroceni\/","title":{"rendered":"Primul mesaj trimis de Ilie Bolojan, \u00een calitate de pre\u0219edinte interimar, de la Palatul Cotroceni"},"content":{"rendered":"<p>Bolojan a declarat c\u0103 va ac\u021biona cu demnitate \u0219i seriozitate, afirm\u00e2nd c\u0103 institu\u021biile trebuie s\u0103 serveasc\u0103 cet\u0103\u021benii. Chiar dac\u0103 mandatul s\u0103u este limitat, el a promis c\u0103 va lucra \u00een interesul rom\u00e2nilor, av\u00e2nd \u00een vedere provoc\u0103rile economice \u0219i sociale cu care se confrunt\u0103 \u021bara.<\/p>\n\n<p>\u201eDragi rom\u00e2ni,<\/p>\n<p>V\u0103 adresez acest prim mesaj, pe deplin con\u0219tient de momentul extrem de important \u00een care se afl\u0103 Rom\u00e2nia. \u00cemi asum cu demnitate aceast\u0103 func\u021bie, cu toat\u0103 responsabilitatea fa\u021b\u0103 de rom\u00e2ni \u0219i fa\u021b\u0103 de viitorul nostru, al tuturor.<\/p>\n<p>De ieri p\u00e2n\u0103 ast\u0103zi am purtat discu\u021bii cu responsabilii \u0219i m-am familiarizat cu problemele \u0219i nevoile stringente din domeniile Ap\u0103r\u0103rii, Afacerilor Externe \u0219i Securit\u0103\u021bii Na\u021bionale. Aceste aspecte necesit\u0103 solu\u021bii adecvate \u0219i trebuie abordate cu seriozitate \u0219i echilibru.<\/p>\n<p>De-a lungul \u00eentregii mele activit\u0103\u021bi publice, am fost ghidat de convingerea ferm\u0103 c\u0103 institu\u021biile trebuie s\u0103 lucreze pentru oameni. Chiar dac\u0103 mandatul meu este unul limitat \u0219i bine definit de Constitu\u021bie, v\u0103 garantez c\u0103 acest principiu va r\u0103m\u00e2ne valabil. Voi exercita aceast\u0103 pozi\u021bie cu toat\u0103 demnitatea \u0219i responsabilitatea, \u00een\u021beleg\u00e2nd \u00eentru totul oportunit\u0103\u021bile \u0219i limitele pe care le implic\u0103 func\u021bia de Pre\u0219edinte.<\/p>\n<p><a title='Vasile Dincu, despre candidatura lui Ilie Bolojan la presedintie: \"E un om care tine la cuvantul pe care si l-a dat\"' href=\"https:\/\/www.realitatea.net\/stiri\/actual\/vasile-dincu-despre-candidatura-lui-ilie-bolojan-la-presedintie-e-un-om-care-tine-la-cuvantul-pe-care-si-la-dat_67acaadf21033c15e24c4362\">Vasile D\u00eencu, despre candidatura lui Ilie Bolojan la pre\u0219edin\u021bie: \u201dE un om care \u021bine la cuv\u00e2ntul pe care \u0219i l-a dat\u201d<\/a><\/p>\n<p>Priorit\u0103\u021bile \u0219i obiectivele mandatului meu sunt clare:<\/p>\n<p>\u00cen primul r\u00e2nd &#8211; asigurarea stabilit\u0103\u021bii economice, sociale \u0219i politice a \u021b\u0103rii. Nu avem timp de pierdut, iar riscul de a ne confrunta cu o criz\u0103 major\u0103 este real. Tocmai de aceea, este nevoie de colaborarea \u00eentregii administra\u021bii publice centrale \u0219i locale, astfel \u00eenc\u00e2t s\u0103 existe o bun\u0103 guvernare, iar cet\u0103\u021benii s\u0103 aib\u0103 \u00eencredere c\u0103 statul func\u021bioneaz\u0103 pentru \u00eendeplinirea a\u0219tept\u0103rilor legitime pe care le au.<\/p>\n<p>Vreau s\u0103 \u00eei asigur pe to\u021bi rom\u00e2nii c\u0103 avem o \u021bar\u0103 sigur\u0103, stabil\u0103 \u0219i puternic ancorat\u0103 pe drumul s\u0103u european.<\/p>\n<p>Un alt palier major este cel al politicii externe. \u021aara noastr\u0103 va fi bine reprezentat\u0103 pe plan extern, cu demnitate \u0219i seriozitate. Ceea ce va prima va fi interesul na\u021biunii noastre, astfel \u00eenc\u00e2t fiecare cet\u0103\u021bean s\u0103 simt\u0103 c\u0103 este protejat \u0219i ap\u0103rat.<\/p>\n<p>Rom\u00e2nia a demonstrat permanent alia\u021bilor s\u0103i externi c\u0103 este un partener stabil \u0219i de \u00eencredere \u0219i este extrem de important s\u0103 continu\u0103m \u00een aceea\u0219i direc\u021bie.<\/p>\n<p>O tem\u0103 important\u0103 este \u0219i scrutinul preziden\u021bial care va urma. Transmit tuturor rom\u00e2nilor un mesaj f\u0103r\u0103 echivoc. Vom avea alegeri corecte \u0219i transparente!<\/p>\n<p>Votul este fundamentul democra\u021biei \u0219i asigurarea unor alegeri care s\u0103 nu fie puse sub semnul \u00eentreb\u0103rii reprezint\u0103 un pas major pentru ca rom\u00e2nii s\u0103-\u0219i recapete \u00eencrederea \u00een institu\u021bii. De aceea, voi face toate demersurile c\u0103tre to\u021bi cei responsabili s\u0103 contribuie cu profesionalism \u0219i bun\u0103 credin\u021b\u0103 la organizarea unor alegeri libere \u0219i corecte.<\/p>\n<p>Aici, \u00een fa\u021ba dumneavoastr\u0103, a rom\u00e2nilor, v\u0103 spun c\u0103 \u00eemi asum cu toat\u0103 responsabilitatea pozi\u021bia de Pre\u0219edinte interimar al Rom\u00e2niei pentru a face tot ce \u021bine de mine pentru ca fiecare cet\u0103\u021bean s\u0103 simt\u0103 c\u0103 poate s\u0103 aib\u0103 \u00eencredere \u00een cei care \u00eei reprezint\u0103.<\/p>\n<p>Pentru to\u021bi cei care suntem \u00een serviciile publice, indiferent unde ne desf\u0103\u0219ur\u0103m activitatea, nu exist\u0103 alternativ\u0103 dec\u00e2t s\u0103 fim \u00een slujba oamenilor \u0219i am a\u0219teptarea ca fiecare institu\u021bie \u0219i fiecare angajat s\u0103 lucreze pentru cet\u0103\u021beni.<\/p>\n<p>Scopul meu, \u00een calitate de Pre\u0219edinte interimar, este s\u0103 redau \u00eencrederea \u00een institu\u021biile publice, iar la finalul acestei perioade s\u0103 v\u0103 pot privi \u00een ochi, \u0219tiind c\u0103 am lucrat \u00een interesul dumneavoastr\u0103 \u0219i convins de faptul c\u0103 am ac\u021bionat cu integritate, demnitate \u0219i grij\u0103 fa\u021b\u0103 de rom\u00e2ni.<\/p>\n<p>Dumnezeu s\u0103 aib\u0103 \u00een paz\u0103 \u021bara noastr\u0103 \u0219i pe to\u021bi rom\u00e2nii, oriunde s-ar afla!\u201d, a spus Ilie Bolojan, \u00een discursul transmis de Administra\u021bia Preziden\u021bial\u0103.<\/p>\n<p><a title=\"Prima numire facuta de Bolojan ca presedinte. A readus-o la Cotroceni pe o colaboratoare apropiata a lui Iohannis\" href=\"https:\/\/www.realitatea.net\/stiri\/actual\/prima-numire-facuta-de-bolojan-ca-presedinte-a-readuso-la-cotroceni-pe-o-colaboratoare-apropiata-a-lui-iohannis_67ace50d6723c75bd654a982\">Prima numire f\u0103cut\u0103 de Bolojan ca pre\u0219edinte. A readus-o la Cotroceni pe o colaboratoare apropiat\u0103 a lui Iohannis<\/a><\/p>","protected":false},"excerpt":{"rendered":"<p>Bolojan a declarat c\u0103 va ac\u021biona cu demnitate \u0219i seriozitate, afirm\u00e2nd c\u0103 institu\u021biile trebuie s\u0103&hellip;<\/p>\n","protected":false},"author":0,"featured_media":31495,"comment_status":"open","ping_status":"open","sticky":false,"template":"","format":"standard","meta":{"footnotes":""},"categories":[2],"tags":[],"class_list":["post-31503","post","type-post","status-publish","format-standard","has-post-thumbnail","hentry","category-actual"],"_links":{"self":[{"href":"https:\/\/247stiri.ro\/index.php\/wp-json\/wp\/v2\/posts\/31503","targetHints":{"allow":["GET"]}}],"collection":[{"href":"https:\/\/247stiri.ro\/index.php\/wp-json\/wp\/v2\/posts"}],"about":[{"href":"https:\/\/247stiri.ro\/index.php\/wp-json\/wp\/v2\/types\/post"}],"replies":[{"embeddable":true,"href":"https:\/\/247stiri.ro\/index.php\/wp-json\/wp\/v2\/comments?post=31503"}],"version-history":[{"count":0,"href":"https:\/\/247stiri.ro\/index.php\/wp-json\/wp\/v2\/posts\/31503\/revisions"}],"wp:featuredmedia":[{"embeddable":true,"href":"https:\/\/247stiri.ro\/index.php\/wp-json\/wp\/v2\/media\/31495"}],"wp:attachment":[{"href":"https:\/\/247stiri.ro\/index.php\/wp-json\/wp\/v2\/media?parent=31503"}],"wp:term":[{"taxonomy":"category","embeddable":true,"href":"https:\/\/247stiri.ro\/index.php\/wp-json\/wp\/v2\/categories?post=31503"},{"taxonomy":"post_tag","embeddable":true,"href":"https:\/\/247stiri.ro\/index.php\/wp-json\/wp\/v2\/tags?post=31503"}],"curies":[{"name":"wp","href":"https:\/\/api.w.org\/{rel}","templated":true}]}}