{"id":31506,"date":"2025-02-13T15:45:10","date_gmt":"2025-02-13T15:45:10","guid":{"rendered":"https:\/\/247stiri.ro\/index.php\/2025\/02\/13\/atacul-cu-drone-rusesti-din-ucraina-i-a-speriat-pe-locuitorii-din-galati-si-tulcea-localnicii-au-crezut-ca-e-cutremur\/"},"modified":"2025-02-13T15:45:10","modified_gmt":"2025-02-13T15:45:10","slug":"atacul-cu-drone-rusesti-din-ucraina-i-a-speriat-pe-locuitorii-din-galati-si-tulcea-localnicii-au-crezut-ca-e-cutremur","status":"publish","type":"post","link":"https:\/\/247stiri.ro\/index.php\/2025\/02\/13\/atacul-cu-drone-rusesti-din-ucraina-i-a-speriat-pe-locuitorii-din-galati-si-tulcea-localnicii-au-crezut-ca-e-cutremur\/","title":{"rendered":"Atacul cu drone ruse\u0219ti din Ucraina i-a speriat pe locuitorii din Gala\u0163i \u015fi Tulcea. Localnicii au crezut c\u0103 e cutremur"},"content":{"rendered":"<p>Atacul cu drone din Ucraina de joi noaptea i-a speriat serios pe locuitorii din Gala\u0163i \u015fi Tulcea. \u00cen plus, diminea\u0163\u0103, echipaje ale for\u0163elor de ordine au blocat accesul public timp de c\u00e2teva ore \u00een zona Z\u0103tun, aflat\u0103 la circa \u015fase kilometri de Gala\u0163i, pentru buna desf\u0103\u015furare a c\u0103ut\u0103rilor unor eventuale resturi de drone c\u0103zute pe raza jude\u0163ului Gala\u0163i, potrivit unui reportaj <a href=\"https:\/\/www.romania-actualitati.ro\/stiri\/romania\/atacul-cu-drone-i-a-speriat-pe-locuitorii-din-galati-si-tulcea-id206083.html\" target=\"_blank\">Radio Rom\u00e2nia Actualit\u0103\u021bi.<\/a><\/p>\n<p>Zeci de angaja\u0163i ai unit\u0103\u0163ilor economice din zona Z\u0103tun au fost opri\u021bi s\u0103 ajung\u0103 la locul de munc\u0103 de c\u0103tre echipaje ale Inspectoratului Jude\u0163ean de Poli\u0163ie. Motivul: securizarea zonei pentru g\u0103sirea \u015fi recuperarea resturilor de dron\u0103 presupuse a fi c\u0103zute pe teritoriul jude\u0163ului Gala\u0163i, dup\u0103 atacul din Ucraina de noaptea trecut\u0103.<\/p>\n<p>Dup\u0103 circa dou\u0103 ore, accesul public \u00een zon\u0103 a fost reluat \u00een mod normal.<\/p>\n<p>\u00cen cartierul Port din Gala\u021bi, oamenii s-au speriat dup\u0103 atacul cu drone de noaptea trecut\u0103. Unii au crezut c\u0103 e cutremur, iar \u00een urma bubuturilor care s-au auzit au sim\u021bit cum se mi\u0219c\u0103 mobilierul \u00een apartamente. Mai mul\u021bi g\u0103l\u0103\u021beni speria\u021bi au ie\u0219it \u00een strad\u0103, s\u0103 vad\u0103 ce se \u00eent\u00e2mpl\u0103.<\/p>\n<p>Potrivit ISU Gala\u0163i, mai multe persoane din municipiul Gala\u0163i, dar \u015fi din Tulcea au sunat noaptea trecut\u0103 la 112 cer\u00e2nd informa\u0163ii despre sursa zgomotelor.<\/p>","protected":false},"excerpt":{"rendered":"<p>Atacul cu drone din Ucraina de joi noaptea i-a speriat serios pe locuitorii din Gala\u0163i&hellip;<\/p>\n","protected":false},"author":0,"featured_media":31507,"comment_status":"open","ping_status":"open","sticky":false,"template":"","format":"standard","meta":{"footnotes":""},"categories":[2],"tags":[],"class_list":["post-31506","post","type-post","status-publish","format-standard","has-post-thumbnail","hentry","category-actual"],"_links":{"self":[{"href":"https:\/\/247stiri.ro\/index.php\/wp-json\/wp\/v2\/posts\/31506","targetHints":{"allow":["GET"]}}],"collection":[{"href":"https:\/\/247stiri.ro\/index.php\/wp-json\/wp\/v2\/posts"}],"about":[{"href":"https:\/\/247stiri.ro\/index.php\/wp-json\/wp\/v2\/types\/post"}],"replies":[{"embeddable":true,"href":"https:\/\/247stiri.ro\/index.php\/wp-json\/wp\/v2\/comments?post=31506"}],"version-history":[{"count":0,"href":"https:\/\/247stiri.ro\/index.php\/wp-json\/wp\/v2\/posts\/31506\/revisions"}],"wp:featuredmedia":[{"embeddable":true,"href":"https:\/\/247stiri.ro\/index.php\/wp-json\/wp\/v2\/media\/31507"}],"wp:attachment":[{"href":"https:\/\/247stiri.ro\/index.php\/wp-json\/wp\/v2\/media?parent=31506"}],"wp:term":[{"taxonomy":"category","embeddable":true,"href":"https:\/\/247stiri.ro\/index.php\/wp-json\/wp\/v2\/categories?post=31506"},{"taxonomy":"post_tag","embeddable":true,"href":"https:\/\/247stiri.ro\/index.php\/wp-json\/wp\/v2\/tags?post=31506"}],"curies":[{"name":"wp","href":"https:\/\/api.w.org\/{rel}","templated":true}]}}