{"id":31525,"date":"2025-02-13T17:44:52","date_gmt":"2025-02-13T17:44:52","guid":{"rendered":"https:\/\/247stiri.ro\/index.php\/2025\/02\/13\/pe-cine-trimite-romania-la-conferinta-internationala-de-securitate-de-la-munchen-evenimentul-crucial-pentru-viitorul-politicii-internationale\/"},"modified":"2025-02-13T17:44:52","modified_gmt":"2025-02-13T17:44:52","slug":"pe-cine-trimite-romania-la-conferinta-internationala-de-securitate-de-la-munchen-evenimentul-crucial-pentru-viitorul-politicii-internationale","status":"publish","type":"post","link":"https:\/\/247stiri.ro\/index.php\/2025\/02\/13\/pe-cine-trimite-romania-la-conferinta-internationala-de-securitate-de-la-munchen-evenimentul-crucial-pentru-viitorul-politicii-internationale\/","title":{"rendered":"Pe cine trimite Rom\u00e2nia la Conferin\u021ba interna\u021bional\u0103 de securitate de la Munchen. Evenimentul, crucial pentru viitorul politicii interna\u021bionale"},"content":{"rendered":"<p>Potrivit unui comunicat de pres\u0103 remis joi Agerpres de MAE, \u00een cadrul MSC 2025 vor fi abordate amenin\u021b\u0103rile de securitate actuale \u0219i provoc\u0103rile din domeniile politic, economic, comercial \u0219i tehnologic.&#8221;\u00centre temele majore ale conferin\u021bei se num\u0103r\u0103 amenin\u021b\u0103rile la adresa securit\u0103\u021bii interna\u021bionale generate de r\u0103zboiul de agresiune al Rusiei \u00eempotriva Ucrainei, cooperarea transatlantic\u0103, ap\u0103rarea european\u0103, guvernan\u021ba global\u0103, crize \u0219i conflicte \u00een derulare \u00een plan global. \u00cen sesiunile tematice ale conferin\u021bei, ministrul Emil Hurezeanu va prezenta evalu\u0103rile Rom\u00e2niei privind provoc\u0103rile actuale, cu accent pe deteriorarea situa\u021biei de securitate din regiunea M\u0103rii Negre \u0219i implica\u021biile r\u0103zboiului de agresiune al Rusiei \u00eempotriva Ucrainei pentru securitatea spa\u021biului euro-atlantic. Ministrul rom\u00e2n de externe se va referi la necesitatea unei p\u0103ci juste, cuprinz\u0103toare \u0219i sustenabile \u00een Ucraina. Totodat\u0103, va sublinia pericolul ac\u021biunilor hibride ale Federa\u021biei Ruse \u0219i importan\u021ba contracar\u0103rii acestor ac\u021biuni&#8221;, se arat\u0103 \u00een comunicat.<\/p>\n<p><a title=\"Emil Hurezeanu, intalnire cu vicepresedintele executiv al Comisiei Europene, Roxana Minzatu\" href=\"https:\/\/www.realitatea.net\/stiri\/actual\/emil-hurezeanu-intalnire-cu-vicepresedintele-executiv-al-comisiei-europene-roxana-minzatu_6798db7a472fc84a51789944\">Emil Hurezeanu, \u00eent\u00e2lnire cu vicepre\u015fedintele executiv al Comisiei Europene, Roxana M\u00eenzatu<\/a>Ministrul de Externe va reliefa importan\u021ba unei rela\u021bii transatlantice c\u00e2t mai robuste \u00een gestionarea acestor provoc\u0103ri \u0219i \u00een combaterea amenin\u021b\u0103rilor cu care se confrunt\u0103 comunitatea euro-atlantic\u0103 \u0219i va eviden\u021bia importan\u021ba de a acorda, \u00een continuare, un sprijin solid pentru cre\u0219terea rezilien\u021bei Republicii Moldova, mai subliniaz\u0103 comunicatul.&#8221;\u00cen marja Conferin\u021bei, ministrul Afacerilor Externe va avea \u00eent\u00e2lniri bilaterale cu omologi \u0219i personalit\u0103\u021bi politice din Europa, America de Nord, Asia-Pacific, Orientul Mijlociu \u0219i Nordul Africii, \u0219i va participa la o serie de evenimente tematice asociate MSC 2025&#8243;, informeaz\u0103 MAE.\u00a0<\/p>\n<p><a title=\"MAE, alerta de calatorie. Risc seismic ridicat intr-una dintre destinatiile de vacanta preferate ale romanilor\" href=\"https:\/\/www.realitatea.net\/stiri\/actual\/mae-alerta-de-calatorie-risc-seismic-ridicat-intruna-dintre-destinatiile-de-vacanta-preferate-ale-romanilor_67a0d379f05a717c5e0e6612\">MAE, alert\u0103 de c\u0103l\u0103torie. Risc seismic ridicat \u00eentr-una dintre destina\u021biile de vacan\u021b\u0103 preferate ale rom\u00e2nilor<\/a><\/p>","protected":false},"excerpt":{"rendered":"<p>Potrivit unui comunicat de pres\u0103 remis joi Agerpres de MAE, \u00een cadrul MSC 2025 vor&hellip;<\/p>\n","protected":false},"author":0,"featured_media":31522,"comment_status":"open","ping_status":"open","sticky":false,"template":"","format":"standard","meta":{"footnotes":""},"categories":[2],"tags":[],"class_list":["post-31525","post","type-post","status-publish","format-standard","has-post-thumbnail","hentry","category-actual"],"_links":{"self":[{"href":"https:\/\/247stiri.ro\/index.php\/wp-json\/wp\/v2\/posts\/31525","targetHints":{"allow":["GET"]}}],"collection":[{"href":"https:\/\/247stiri.ro\/index.php\/wp-json\/wp\/v2\/posts"}],"about":[{"href":"https:\/\/247stiri.ro\/index.php\/wp-json\/wp\/v2\/types\/post"}],"replies":[{"embeddable":true,"href":"https:\/\/247stiri.ro\/index.php\/wp-json\/wp\/v2\/comments?post=31525"}],"version-history":[{"count":0,"href":"https:\/\/247stiri.ro\/index.php\/wp-json\/wp\/v2\/posts\/31525\/revisions"}],"wp:featuredmedia":[{"embeddable":true,"href":"https:\/\/247stiri.ro\/index.php\/wp-json\/wp\/v2\/media\/31522"}],"wp:attachment":[{"href":"https:\/\/247stiri.ro\/index.php\/wp-json\/wp\/v2\/media?parent=31525"}],"wp:term":[{"taxonomy":"category","embeddable":true,"href":"https:\/\/247stiri.ro\/index.php\/wp-json\/wp\/v2\/categories?post=31525"},{"taxonomy":"post_tag","embeddable":true,"href":"https:\/\/247stiri.ro\/index.php\/wp-json\/wp\/v2\/tags?post=31525"}],"curies":[{"name":"wp","href":"https:\/\/api.w.org\/{rel}","templated":true}]}}