{"id":31526,"date":"2025-02-13T17:44:52","date_gmt":"2025-02-13T17:44:52","guid":{"rendered":"https:\/\/247stiri.ro\/index.php\/2025\/02\/13\/istoria-romanilor-si-a-romaniei-materie-obligatorie-la-liceu-explicatiile-anuntul-ministrului-educatiei-daniel-david\/"},"modified":"2025-02-13T17:44:52","modified_gmt":"2025-02-13T17:44:52","slug":"istoria-romanilor-si-a-romaniei-materie-obligatorie-la-liceu-explicatiile-anuntul-ministrului-educatiei-daniel-david","status":"publish","type":"post","link":"https:\/\/247stiri.ro\/index.php\/2025\/02\/13\/istoria-romanilor-si-a-romaniei-materie-obligatorie-la-liceu-explicatiile-anuntul-ministrului-educatiei-daniel-david\/","title":{"rendered":"Istoria rom\u00e2nilor \u0219i a Rom\u00e2niei, materie obligatorie la liceu. Explica\u021biile Anun\u021bul ministrului Educa\u021biei, Daniel David"},"content":{"rendered":"<p>\u201eM\u0103 bucur c\u0103 perioada de dezbatere a proiectelor de planuri-cadru pentru \u00eenv\u0103\u021b\u0103m\u00e2ntul liceal \u00eencepe s\u0103 prefigureze moderniz\u0103ri de esen\u021b\u0103 \u00een educa\u021bie, \u00een general, \u0219i \u00een istorie, \u00een particular. A\u0219a cum am spus la\u00a0momentul lans\u0103rii planurilor-cadru, al\u0103turi de \u0219tiin\u021b\u0103, religie \u0219i preg\u0103tire pentru via\u021b\u0103,\u00a0un element esen\u021bial este cel legat de cultura na\u021bional\u0103.<\/p>\n<p>Dup\u0103 clarificarea p\u0103str\u0103rii limbii latine \u00een curriculumul de specialitate, m\u0103 bucur s\u0103 fiu ministrul care poate contribui, al\u0103turi de speciali\u0219tii de top ai domeniului, la readucerea dup\u0103 c\u00e2teva decenii a \u00abIstoriei rom\u00e2nilor \u0219i a Rom\u00e2niei\u201d (numele va fi definitivat de Academia Rom\u00e2n\u0103) ca disciplin\u0103 de sine st\u0103t\u0103toare la nivel liceal, a\u0219a cum mi-am exprimat interesul \u00eenc\u0103 de la \u00eenceputul dezbaterilor publice\u201d, a transmis ministrul Educa\u021biei, Daniel David.<\/p>\n<p>\u201eIstoria rom\u00e2nilor\/Rom\u00e2niei\u201d va deveni materie obligatorie la liceu<\/p>\n<p>\u201e\u00cen urma discu\u021biilor \u0219i \u00eent\u00e2lnirilor de lucru cu reprezentan\u021bii Academiei Rom\u00e2ne \u0219i ai facult\u0103\u021bilor de istorie din universit\u0103\u021bile \u021b\u0103rii, accept\u00e2nd Memoriul serios \u0219i responsabil al acestora, am convenit urm\u0103toarele:modelul actual de predare a istoriei \u00een liceu trebuie \u00eembun\u0103t\u0103\u021bit \u0219i reg\u00e2ndit;<\/p>\n<p>&lt;Istoria rom\u00e2nilor\/Rom\u00e2niei&gt; va deveni disciplin\u0103 distinct\u0103 \u00een trunchiul comun;vom lucra colaborativ la program\u0103 pentru a avea un con\u021binut mai aerisit \u0219i mai atractiv, inclusiv cu elemente distincte de consolidare, remediale \u0219i relevan\u021b\u0103 pentru via\u021b\u0103 a competen\u021belor dob\u00e2ndite;vom colabora pentru a asigura \u00een cadrul universit\u0103\u021bilor preg\u0103tirea profesorilor \u00een a dob\u00e2ndi metode moderne de educa\u021bie, iar universit\u0103\u021bile se vor implica mai direct \u0219i \u00een formarea continu\u0103 a cadrelor didactice din preuniversitar;vom discuta \u0219i alte aspecte ale Memoriului dup\u0103 etapa de diagnostic \u0219i evaluare a sistemului de educa\u021bie \u0219i cercetare pe care am anun\u021bat-o pentru luna mai (2025).<\/p>\n<p>Le mul\u021bumesc colegilor \u0219i speciali\u0219tilor \u00een istorie pentru deschiderea constructiv\u0103 \u0219i \u00eei \u00eencurajez pe to\u021bi oamenii educa\u021biei s\u0103 folosim ra\u021bional \u0219i \u00een\u021belept perioada de dezbatere a planurilor-cadru pentru modernizarea educa\u021biei rom\u00e2ne\u0219ti!\u201d, a mai transmis ministrul Educa\u021biei, \u00eentr-un\u00a0<a href=\"https:\/\/www.edu.ro\/rezolutii_intalnire_ministru_Daniel_David_reprezentanti_Academia_Romana_facultati_istorie\" target=\"_blank\">comunicat<\/a>.<\/p>","protected":false},"excerpt":{"rendered":"<p>\u201eM\u0103 bucur c\u0103 perioada de dezbatere a proiectelor de planuri-cadru pentru \u00eenv\u0103\u021b\u0103m\u00e2ntul liceal \u00eencepe s\u0103&hellip;<\/p>\n","protected":false},"author":0,"featured_media":31527,"comment_status":"open","ping_status":"open","sticky":false,"template":"","format":"standard","meta":{"footnotes":""},"categories":[2],"tags":[],"class_list":["post-31526","post","type-post","status-publish","format-standard","has-post-thumbnail","hentry","category-actual"],"_links":{"self":[{"href":"https:\/\/247stiri.ro\/index.php\/wp-json\/wp\/v2\/posts\/31526","targetHints":{"allow":["GET"]}}],"collection":[{"href":"https:\/\/247stiri.ro\/index.php\/wp-json\/wp\/v2\/posts"}],"about":[{"href":"https:\/\/247stiri.ro\/index.php\/wp-json\/wp\/v2\/types\/post"}],"replies":[{"embeddable":true,"href":"https:\/\/247stiri.ro\/index.php\/wp-json\/wp\/v2\/comments?post=31526"}],"version-history":[{"count":0,"href":"https:\/\/247stiri.ro\/index.php\/wp-json\/wp\/v2\/posts\/31526\/revisions"}],"wp:featuredmedia":[{"embeddable":true,"href":"https:\/\/247stiri.ro\/index.php\/wp-json\/wp\/v2\/media\/31527"}],"wp:attachment":[{"href":"https:\/\/247stiri.ro\/index.php\/wp-json\/wp\/v2\/media?parent=31526"}],"wp:term":[{"taxonomy":"category","embeddable":true,"href":"https:\/\/247stiri.ro\/index.php\/wp-json\/wp\/v2\/categories?post=31526"},{"taxonomy":"post_tag","embeddable":true,"href":"https:\/\/247stiri.ro\/index.php\/wp-json\/wp\/v2\/tags?post=31526"}],"curies":[{"name":"wp","href":"https:\/\/api.w.org\/{rel}","templated":true}]}}