{"id":31531,"date":"2025-02-13T17:44:53","date_gmt":"2025-02-13T17:44:53","guid":{"rendered":"https:\/\/247stiri.ro\/index.php\/2025\/02\/13\/presedintele-interimar-al-senatului-vrea-sa-continue-taierile-de-personal-am-preluat-prioritatile-presedintelui-bolojan\/"},"modified":"2025-02-13T17:44:53","modified_gmt":"2025-02-13T17:44:53","slug":"presedintele-interimar-al-senatului-vrea-sa-continue-taierile-de-personal-am-preluat-prioritatile-presedintelui-bolojan","status":"publish","type":"post","link":"https:\/\/247stiri.ro\/index.php\/2025\/02\/13\/presedintele-interimar-al-senatului-vrea-sa-continue-taierile-de-personal-am-preluat-prioritatile-presedintelui-bolojan\/","title":{"rendered":"Pre\u0219edintele interimar al Senatului vrea s\u0103 continue t\u0103ierile de personal. \u201eAm preluat priorit\u0103\u021bile pre\u0219edintelui Bolojan\u201d"},"content":{"rendered":"<p>Abrudean a explicat c\u0103 reorganizarea aparatului administrativ al Senatului vizeaz\u0103 reducerea num\u0103rului de posturi care nu mai sunt justificate, \u00een special \u00een cadrul cabinetelor vicepre\u0219edin\u021bilor \u0219i al comisiilor parlamentare.<\/p>\n<p>Continu\u00e2nd reformele \u00eencepute de Ilie Bolojan, Mircea Abrudean a precizat c\u0103 num\u0103rul posturilor din cadrul Senatului va fi redus cu 183, acestea fiind considerate supradimensionate sau nejustificate \u00een actuala structur\u0103 administrativ\u0103. El a subliniat c\u0103 aceste m\u0103suri sunt parte a unui proces mai amplu, care include \u0219i reorganizarea institu\u021biilor aflate sub control parlamentar sau subordinea Parlamentului.<\/p>\n<p>Abrudean a detaliat faptul c\u0103 reorganizarea vizeaz\u0103 \u0219i cabinetele vicepre\u0219edin\u021bilor Senatului, unde \u00een prezent sunt angaja\u021bi \u0219ase oameni pe cabinet, de\u0219i, \u00een opinia sa, aceast\u0103 cifr\u0103 nu este justificat\u0103.<\/p>\n<p>\u201eVoi continua cu aceste m\u0103suri cu siguran\u021b\u0103, pentru c\u0103 eu asigur continuitatea conducerii Senatului o perioad\u0103 de interimat. Evident c\u0103 am preluat priorit\u0103\u021bile pre\u0219edintelui Bolojan. Acel demers de reorganizare, restructurare a Senatului a fost ini\u021biat deja, au fost f\u0103cute c\u00e2teva demersuri \u00een Biroul Permanent al Senatului.<\/p>\n<p><a href=\"https:\/\/www.realitatea.net\/stiri\/politica\/bolojan-tacere-sfidatoare-a-refuzat-sa-spuna-de-ce-a-anulat-programul-senatului-anca-alexandrescu-in-spatele-lui-sunt-coldea-kovesi-sorosistii_67ac911fcc74c221bb63c245\" target=\"_blank\">Bolojan, t\u0103cere sfid\u0103toare: a REFUZAT s\u0103 spun\u0103 de ce a anulat programul Senatului. Anca Alexandrescu: \u00cen spatele lui sunt Coldea, Kovesi, sorosi\u0219tii<\/a><\/p>\n<p>Luni vom continua cu acestea, vom supune aprob\u0103rii metodologia, dup\u0103 care se vor organiza acele concursuri \u0219i mergem \u00eenainte cu acest proces, f\u0103r\u0103 doar \u0219i poate. A\u0219a cum mergem \u00eenainte \u0219i cu procesul de reorganizare, restructurare a institu\u021biilor aflate sub control parlamentar sau sub autoritatea sau subordinea Parlamentului\u201d, a spus Abrudean \u00een cadrul unui interviu tv.<\/p>\n<p>Un alt aspect important al restructur\u0103rii vizeaz\u0103 comisiile permanente ale Senatului, unde num\u0103rul de consilieri parlamentari va fi ajustat \u00een func\u021bie de volumul de munc\u0103 al fiec\u0103rei comisii.<\/p>\n<p>Abrudean a men\u021bionat c\u0103 unele comisii au o activitate intens\u0103, iar pentru acestea va fi men\u021binut un num\u0103r de cinci consilieri parlamentari pentru a sprijini eficient desf\u0103\u0219urarea activit\u0103\u021bii. \u00cens\u0103, \u00een cazul comisiilor cu activitate redus\u0103 sau sezonier\u0103, num\u0103rul de posturi va fi diminuat.<\/p>\n<p>Ca exemplu, a oferit Comisia de Regulament, unde anterior erau angaja\u021bi cinci consilieri, de\u0219i activitatea comisiei nu justifica acest num\u0103r. Prin urmare, s-a decis reducerea personalului la trei angaja\u021bi.<\/p>\n<p>\u201e\u00cen cazul meu, ca vicepre\u0219edinte titular, cu \u0219ase oameni pe cabinet, oameni care sunt titulari pe perioad\u0103 nedeterminat\u0103. \u00cen momentul \u00een care e\u0219ti demnitar, ales sau numit, ai dreptul s\u0103 ai doi, patru oameni cu care s\u0103 lucrezi \u00eendeaproape. Cred c\u0103 a\u0219a este normal. Aveam \u0219ase oameni pe cabinet, care nu-\u0219i justific\u0103 activitatea, reducem la trei acest num\u0103r.<\/p>\n<p>Nu cred c\u0103 e cazul ca la un vicepre\u0219edinte al Senatului s\u0103 ai \u0219ase oameni care s\u0103 te sprijine \u00een activitatea pe care o ai, pentru c\u0103 p\u00e2n\u0103 la urm\u0103 ai un aparat la dispozi\u021bie. Sunt direc\u021bii \u00een cadrul Senatului care lucreaz\u0103 \u0219i de care te po\u021bi sprijini.<\/p>\n<p>De asemenea, fiecare senator are un cabinet parlamentar \u00een teritoriu, unde iar\u0103\u0219i poate s\u0103 angajeze, din acea sum\u0103 forfetar\u0103 despre care se vorbe\u0219te, oameni. Deci n-avea niciun sens s\u0103 ai \u0219ase oameni. Reducem la trei\u201d, a mai spus pre\u0219edintele interimar al Senatului.<\/p>\n<p><a title=\"S-a stabilit cine este inlocuitorul lui Ilie BOLOJAN la sefia Senatului. Cat timp va dura interimatul?\" href=\"https:\/\/www.realitatea.net\/stiri\/actual\/sa-stabilit-cine-este-inlocuitorul-lui-ilie-bolojan-la-sefia-senatului-cat-timp-va-dura-interimatul_67ab8ffe91599f1fbd19e8e2\">S-a stabilit cine este \u00eenlocuitorul lui Ilie BOLOJAN la \u0219efia Senatului. C\u00e2t timp va dura interimatul?<\/a><\/p>\n<p>\u00a0<\/p>","protected":false},"excerpt":{"rendered":"<p>Abrudean a explicat c\u0103 reorganizarea aparatului administrativ al Senatului vizeaz\u0103 reducerea num\u0103rului de posturi care&hellip;<\/p>\n","protected":false},"author":0,"featured_media":31524,"comment_status":"open","ping_status":"open","sticky":false,"template":"","format":"standard","meta":{"footnotes":""},"categories":[2],"tags":[],"class_list":["post-31531","post","type-post","status-publish","format-standard","has-post-thumbnail","hentry","category-actual"],"_links":{"self":[{"href":"https:\/\/247stiri.ro\/index.php\/wp-json\/wp\/v2\/posts\/31531","targetHints":{"allow":["GET"]}}],"collection":[{"href":"https:\/\/247stiri.ro\/index.php\/wp-json\/wp\/v2\/posts"}],"about":[{"href":"https:\/\/247stiri.ro\/index.php\/wp-json\/wp\/v2\/types\/post"}],"replies":[{"embeddable":true,"href":"https:\/\/247stiri.ro\/index.php\/wp-json\/wp\/v2\/comments?post=31531"}],"version-history":[{"count":0,"href":"https:\/\/247stiri.ro\/index.php\/wp-json\/wp\/v2\/posts\/31531\/revisions"}],"wp:featuredmedia":[{"embeddable":true,"href":"https:\/\/247stiri.ro\/index.php\/wp-json\/wp\/v2\/media\/31524"}],"wp:attachment":[{"href":"https:\/\/247stiri.ro\/index.php\/wp-json\/wp\/v2\/media?parent=31531"}],"wp:term":[{"taxonomy":"category","embeddable":true,"href":"https:\/\/247stiri.ro\/index.php\/wp-json\/wp\/v2\/categories?post=31531"},{"taxonomy":"post_tag","embeddable":true,"href":"https:\/\/247stiri.ro\/index.php\/wp-json\/wp\/v2\/tags?post=31531"}],"curies":[{"name":"wp","href":"https:\/\/api.w.org\/{rel}","templated":true}]}}