{"id":31552,"date":"2025-02-13T19:48:43","date_gmt":"2025-02-13T19:48:43","guid":{"rendered":"https:\/\/247stiri.ro\/index.php\/2025\/02\/13\/romania-isi-rezerva-dreptul-sa-ia-masurile-de-raspuns-care-se-impun-dupa-ce-drone-rusesti-s-au-prabusite-in-romania-mae\/"},"modified":"2025-02-13T19:48:43","modified_gmt":"2025-02-13T19:48:43","slug":"romania-isi-rezerva-dreptul-sa-ia-masurile-de-raspuns-care-se-impun-dupa-ce-drone-rusesti-s-au-prabusite-in-romania-mae","status":"publish","type":"post","link":"https:\/\/247stiri.ro\/index.php\/2025\/02\/13\/romania-isi-rezerva-dreptul-sa-ia-masurile-de-raspuns-care-se-impun-dupa-ce-drone-rusesti-s-au-prabusite-in-romania-mae\/","title":{"rendered":"Rom\u00e2nia \u00ee\u0219i rezerv\u0103 dreptul &#8222;s\u0103 ia m\u0103surile de r\u0103spuns care se impun&#8221; dup\u0103 ce drone ruse\u0219ti s-au pr\u0103bu\u0219ite \u00een Rom\u00e2nia &#8211; MAE"},"content":{"rendered":"<p>\u201eDin dispozi\u021bia ministrului afacerilor externe, \u00eens\u0103rcinatul cu Afaceri a.i. al Federa\u021biei Ruse la Bucure\u0219ti a fost convocat de urgen\u021b\u0103 la sediul Ministerului Afacerilor Externe. Acesteia i-a fost comunicat\u0103 condamnarea ferm\u0103 a viol\u0103rii repetate a spa\u021biului aerian al Rom\u00e2niei de c\u0103tre vehicule f\u0103r\u0103 pilot ale for\u021belor militare Ruse care reprezint\u0103 o \u00eenc\u0103lcare flagrant\u0103 a dreptului interna\u021bional de c\u0103tre un membru permanent al Consiliului de Securitate al ONU. Ministerul rom\u00e2n al afacerilor externe a subliniat c\u0103 aceste atacuri ilegale \u0219i iresponsabile trebuie s\u0103 \u00eenceteze, Rom\u00e2nia rezerv\u00e2ndu-i-\u0219i dreptul s\u0103 ia m\u0103surile de r\u0103spuns care se impun\u201d, conform sursei citate.<\/p>\n<p><a href=\"https:\/\/www.realitatea.net\/stiri\/actual\/doua-drone-rusesti-au-explodat-pe-teritoriul-romaniei-in-urma-atacului-din-noapte-trecuta-asupra-ucrainei-comunicat-mapn_67ae168d3cf7cc472e264903\" target=\"_blank\">Dou\u0103 drone ruse\u0219ti au explodat pe teritoriul Rom\u00e2niei, \u00een urma atacului din noapte trecut\u0103 asupra Ucrainei. Comunicat MApN<\/a><\/p>\n<p>\u201eMAE reaminte\u0219te c\u0103 aceste ac\u021biuni sunt parte inseparabil\u0103 a agresiunii ilegale \u0219i neprovocate a Rusiei \u00eempotriva Ucrainei, care de aproape trei ani genereaz\u0103 riscuri de securitate pentru \u00eentreaga regiune a M\u0103rii Negre \u0219i a Flancului Estic al Alian\u021bei Nord Atlantice. MApN \u0219i MAE au informat asupra acestui nou incident structurile aliate \u0219i r\u0103m\u00e2n \u00een contact permanent cu acestea\u201d, a mai transmis MAE.<\/p>","protected":false},"excerpt":{"rendered":"<p>\u201eDin dispozi\u021bia ministrului afacerilor externe, \u00eens\u0103rcinatul cu Afaceri a.i. al Federa\u021biei Ruse la Bucure\u0219ti a&hellip;<\/p>\n","protected":false},"author":0,"featured_media":31553,"comment_status":"open","ping_status":"open","sticky":false,"template":"","format":"standard","meta":{"footnotes":""},"categories":[2],"tags":[],"class_list":["post-31552","post","type-post","status-publish","format-standard","has-post-thumbnail","hentry","category-actual"],"_links":{"self":[{"href":"https:\/\/247stiri.ro\/index.php\/wp-json\/wp\/v2\/posts\/31552","targetHints":{"allow":["GET"]}}],"collection":[{"href":"https:\/\/247stiri.ro\/index.php\/wp-json\/wp\/v2\/posts"}],"about":[{"href":"https:\/\/247stiri.ro\/index.php\/wp-json\/wp\/v2\/types\/post"}],"replies":[{"embeddable":true,"href":"https:\/\/247stiri.ro\/index.php\/wp-json\/wp\/v2\/comments?post=31552"}],"version-history":[{"count":0,"href":"https:\/\/247stiri.ro\/index.php\/wp-json\/wp\/v2\/posts\/31552\/revisions"}],"wp:featuredmedia":[{"embeddable":true,"href":"https:\/\/247stiri.ro\/index.php\/wp-json\/wp\/v2\/media\/31553"}],"wp:attachment":[{"href":"https:\/\/247stiri.ro\/index.php\/wp-json\/wp\/v2\/media?parent=31552"}],"wp:term":[{"taxonomy":"category","embeddable":true,"href":"https:\/\/247stiri.ro\/index.php\/wp-json\/wp\/v2\/categories?post=31552"},{"taxonomy":"post_tag","embeddable":true,"href":"https:\/\/247stiri.ro\/index.php\/wp-json\/wp\/v2\/tags?post=31552"}],"curies":[{"name":"wp","href":"https:\/\/api.w.org\/{rel}","templated":true}]}}