{"id":31568,"date":"2025-02-13T20:45:16","date_gmt":"2025-02-13T20:45:16","guid":{"rendered":"https:\/\/247stiri.ro\/index.php\/2025\/02\/13\/uniunea-europeana-se-aseaza-impotriva-vantului-va-sustine-ucraina-indiferent-de-decizia-din-acordul-de-pace-trump-putin\/"},"modified":"2025-02-13T20:45:16","modified_gmt":"2025-02-13T20:45:16","slug":"uniunea-europeana-se-aseaza-impotriva-vantului-va-sustine-ucraina-indiferent-de-decizia-din-acordul-de-pace-trump-putin","status":"publish","type":"post","link":"https:\/\/247stiri.ro\/index.php\/2025\/02\/13\/uniunea-europeana-se-aseaza-impotriva-vantului-va-sustine-ucraina-indiferent-de-decizia-din-acordul-de-pace-trump-putin\/","title":{"rendered":"Uniunea European\u0103 se a\u0219eaz\u0103 \u00eempotriva v\u00e2ntului: Va sus\u021bine Ucraina, indiferent de decizia din acordul de pace Trump-Putin"},"content":{"rendered":"<p>Kallas a cerut implicarea UE \u0219i a Ucrainei \u00een negocierile pentru un astfel de acord, anun\u021bat separat de pre\u0219edin\u021bii american \u0219i rus, Donald Trump \u0219i Vladimir Putin, care au avut miercuri o convorbire telefonic\u0103, relateaz\u0103 agen\u021biile str\u0103ine.<\/p>\n<p>&#8216;Orice acord (\u00eencheiat) pe la spatele nostru nu va func\u021biona, orice acord va avea de asemenea nevoie de participarea Ucrainei \u0219i a Europei&#8217;, a spus Kaja Kallas \u00een fa\u021ba presei, la sosirea la sediul NATO la o reuniune a mini\u0219trilor ap\u0103r\u0103rii ai Alian\u021bei.De asemenea, nu este &#8216;o tactic\u0103 bun\u0103&#8217; s\u0103 se cedeze \u00een fa\u021ba Rusiei chiar \u00eenainte ca negocierile s\u0103 \u00eenceap\u0103, a continuat ea, dup\u0103 ce secretarul american al ap\u0103r\u0103rii, Pete Hegseth, a considerat nerealiste aderarea Ucrainei la NATO \u0219i revenirea acestei \u021b\u0103ri la grani\u021bele de dinainte de 2014, anul c\u00e2nd Rusia a anexat Crimeea \u0219i separati\u0219tii proru\u0219i din estul Ucrainei au lansat primul conflict armat.Aceast\u0103 &#8216;strategie a concilierii&#8217; cu Rusia &#8216;nu func\u021bioneaz\u0103&#8217;, a mai sus\u021binut Kallas, care a f\u0103cut o paralel\u0103 cu acordurile de la M\u00fcnchen din 1938, prin care francezii, italienii \u0219i britanicii au acceptat anexarea unei p\u0103r\u021bi a Cehoslovaciei de c\u0103tre Germania nazist\u0103, scrie Agerpres.<\/p>\n<p><a title=\"Planul ascuns al Moscovei. Cum vrea Putin sa isi readuca aproape Europa de Est. Romania, vizata\" href=\"https:\/\/www.realitatea.net\/stiri\/actual\/planul-ascuns-al-moscovei-cum-vrea-putin-sa-isi-readuca-aproape-europa-de-est-romania-vizata_67adbae0ab8e08092821c552\">Planul ascuns al Moscovei. Cum vrea Putin s\u0103 \u00ee\u0219i readuc\u0103 aproape Europa de Est. Rom\u00e2nia, vizat\u0103<\/a>Kaja Kallas a avut joi mai devreme o \u00eent\u00e2lnire cu ministrul ucrainean al ap\u0103r\u0103rii, Rustem Umerov. Acesta &#8216;m-a asigurat c\u0103 ucrainenii r\u0103m\u00e2n fermi \u0219i nu vor renun\u021ba nici la libertatea \u0219i nici la teritoriile lor&#8217;, a transmis dup\u0103 aceast\u0103 \u00eent\u00e2lnire \u0219efa diploma\u021biei UE.Pre\u0219edin\u021bii Donald Trump \u0219i Vladimir Putin au avut miercuri prima lor convorbire telefonic\u0103 oficial\u0103 dup\u0103 \u00eenvestirea noului pre\u0219edinte american \u0219i au anun\u021bat c\u0103 au convenit ini\u021bierea negocierilor pentru \u00eencetarea r\u0103zboiului \u00een Ucraina.Pre\u0219edintele Donald Trump a discutat apoi \u0219i cu pre\u0219edintele ucrainean Volodimir Zelenski, afirm\u00e2nd c\u0103 l-a informat pe acesta despre con\u021binutul convorbirii sale cu Putin, dar aceast\u0103 convorbire a provocat la Kiev \u0219i \u00een r\u00e2ndul europenilor temeri c\u0103 pre\u0219edin\u021bii rus \u0219i american ar putea \u00eencheia o \u00een\u021belegere peste capul Ucrainei \u0219i al UE.Europa este geloas\u0103 \u0219i furioas\u0103 din cauza apelului telefonic dintre Trump \u0219i Putin, pentru c\u0103 acesta arat\u0103 c\u0103 puterea sa pe scena mondial\u0103 a sl\u0103bit, a comentat fostul pre\u0219edinte rus Dmitri Medvedev, \u00een prezent vicepre\u0219edinte al Consiliului de Securitate al Federa\u021biei Ruse.<\/p>\n<p><a title=\"Kremlinul sustine pozitia Casei Albe privind incetarea razboiului din Ucraina. Discutii avansate pentru intalnirea cruciala dintre Trump si Putin\" href=\"https:\/\/www.realitatea.net\/stiri\/actual\/kremlinul-sustine-pozitia-casei-albe-privind-incetarea-razboiului-din-ucraina-discutii-avansate-pentru-intalnirea-cruciala-dintre-trump-si-putin_67adc90aa8b82578ef2bc482\">Kremlinul sus\u021bine pozi\u0163ia Casei Albe privind \u00eencetarea r\u0103zboiului din Ucraina. Discu\u021bii avansate pentru \u00eent\u00e2lnirea crucial\u0103 dintre Trump \u0219i Putin<\/a><\/p>","protected":false},"excerpt":{"rendered":"<p>Kallas a cerut implicarea UE \u0219i a Ucrainei \u00een negocierile pentru un astfel de acord,&hellip;<\/p>\n","protected":false},"author":0,"featured_media":31547,"comment_status":"open","ping_status":"open","sticky":false,"template":"","format":"standard","meta":{"footnotes":""},"categories":[2],"tags":[],"class_list":["post-31568","post","type-post","status-publish","format-standard","has-post-thumbnail","hentry","category-actual"],"_links":{"self":[{"href":"https:\/\/247stiri.ro\/index.php\/wp-json\/wp\/v2\/posts\/31568","targetHints":{"allow":["GET"]}}],"collection":[{"href":"https:\/\/247stiri.ro\/index.php\/wp-json\/wp\/v2\/posts"}],"about":[{"href":"https:\/\/247stiri.ro\/index.php\/wp-json\/wp\/v2\/types\/post"}],"replies":[{"embeddable":true,"href":"https:\/\/247stiri.ro\/index.php\/wp-json\/wp\/v2\/comments?post=31568"}],"version-history":[{"count":0,"href":"https:\/\/247stiri.ro\/index.php\/wp-json\/wp\/v2\/posts\/31568\/revisions"}],"wp:featuredmedia":[{"embeddable":true,"href":"https:\/\/247stiri.ro\/index.php\/wp-json\/wp\/v2\/media\/31547"}],"wp:attachment":[{"href":"https:\/\/247stiri.ro\/index.php\/wp-json\/wp\/v2\/media?parent=31568"}],"wp:term":[{"taxonomy":"category","embeddable":true,"href":"https:\/\/247stiri.ro\/index.php\/wp-json\/wp\/v2\/categories?post=31568"},{"taxonomy":"post_tag","embeddable":true,"href":"https:\/\/247stiri.ro\/index.php\/wp-json\/wp\/v2\/tags?post=31568"}],"curies":[{"name":"wp","href":"https:\/\/api.w.org\/{rel}","templated":true}]}}