{"id":31571,"date":"2025-02-13T21:44:53","date_gmt":"2025-02-13T21:44:53","guid":{"rendered":"https:\/\/247stiri.ro\/index.php\/2025\/02\/13\/cafeneau-care-pastreaza-traditiile-insulei-ada-kaleh-inclusa-pe-lista-cafenelelor-istorice-din-europa\/"},"modified":"2025-02-13T21:44:53","modified_gmt":"2025-02-13T21:44:53","slug":"cafeneau-care-pastreaza-traditiile-insulei-ada-kaleh-inclusa-pe-lista-cafenelelor-istorice-din-europa","status":"publish","type":"post","link":"https:\/\/247stiri.ro\/index.php\/2025\/02\/13\/cafeneau-care-pastreaza-traditiile-insulei-ada-kaleh-inclusa-pe-lista-cafenelelor-istorice-din-europa\/","title":{"rendered":"Cafeneau care p\u0103streaz\u0103 tradi\u021biile insulei Ada Kaleh, inclus\u0103 pe lista cafenelelor istorice din Europa"},"content":{"rendered":"<p>Cafeneaua p\u0103streaz\u0103 parfumul celei care a fost str\u0103mutat\u0103 la Drobeta-Turnu-Severin de pe insula Ada-Kaleh, t\u0103r\u00e2mul oriental acoperit de apele Dun\u0103rii la construc\u021bia hidrocentralei Por\u021bile de Fier, potrivit RRA.<\/p>\n<p>\u00cen cafeneaua care a fost restaurat\u0103, turi\u0219tii g\u0103sesc cafea turceasc\u0103 preg\u0103tit\u0103 la nisip, brag\u0103, limonad\u0103 oriental\u0103, dar \u0219i preparate culinare pe care le preg\u0103teau fo\u0219tii locuitori ai insulei.\u00a0\u00a0Situat\u0103 la trei km \u00een aval de Or\u015fova, insula locuit\u0103 \u00een exclusivitate de comunitatea turc\u0103 a fost acoperit\u0103, \u00een 1970, de apele lacului de acumulare al Dun\u0103rii, creat dup\u0103 construirea Barajului de la Por\u021bile de Fier 1.\u00a0Mul\u021bi dintre cei aproximativ 700 de locuitori au luat calea Turciei, pu\u021bini dintre ei fiind cei care s-au stabilit la Or\u0219ova sau \u00een Drobeta- Turnu Severin, p\u0103str\u00e2nd tradi\u021biile renumitei cofet\u0103rii turce\u0219ti, prin produse precum braga, \u00eenghe\u021bata \u0219i cafeaua.<\/p>","protected":false},"excerpt":{"rendered":"<p>Cafeneaua p\u0103streaz\u0103 parfumul celei care a fost str\u0103mutat\u0103 la Drobeta-Turnu-Severin de pe insula Ada-Kaleh, t\u0103r\u00e2mul&hellip;<\/p>\n","protected":false},"author":0,"featured_media":31572,"comment_status":"open","ping_status":"open","sticky":false,"template":"","format":"standard","meta":{"footnotes":""},"categories":[8],"tags":[],"class_list":["post-31571","post","type-post","status-publish","format-standard","has-post-thumbnail","hentry","category-lifestyle"],"_links":{"self":[{"href":"https:\/\/247stiri.ro\/index.php\/wp-json\/wp\/v2\/posts\/31571","targetHints":{"allow":["GET"]}}],"collection":[{"href":"https:\/\/247stiri.ro\/index.php\/wp-json\/wp\/v2\/posts"}],"about":[{"href":"https:\/\/247stiri.ro\/index.php\/wp-json\/wp\/v2\/types\/post"}],"replies":[{"embeddable":true,"href":"https:\/\/247stiri.ro\/index.php\/wp-json\/wp\/v2\/comments?post=31571"}],"version-history":[{"count":0,"href":"https:\/\/247stiri.ro\/index.php\/wp-json\/wp\/v2\/posts\/31571\/revisions"}],"wp:featuredmedia":[{"embeddable":true,"href":"https:\/\/247stiri.ro\/index.php\/wp-json\/wp\/v2\/media\/31572"}],"wp:attachment":[{"href":"https:\/\/247stiri.ro\/index.php\/wp-json\/wp\/v2\/media?parent=31571"}],"wp:term":[{"taxonomy":"category","embeddable":true,"href":"https:\/\/247stiri.ro\/index.php\/wp-json\/wp\/v2\/categories?post=31571"},{"taxonomy":"post_tag","embeddable":true,"href":"https:\/\/247stiri.ro\/index.php\/wp-json\/wp\/v2\/tags?post=31571"}],"curies":[{"name":"wp","href":"https:\/\/api.w.org\/{rel}","templated":true}]}}