{"id":31579,"date":"2025-02-13T21:44:58","date_gmt":"2025-02-13T21:44:58","guid":{"rendered":"https:\/\/247stiri.ro\/index.php\/2025\/02\/13\/alerta-pe-a1-un-camion-plin-cu-lemne-s-a-rasturnat-traficul-este-restrictionat-pe-sensul-de-mers-sibiu-deva\/"},"modified":"2025-02-13T21:44:58","modified_gmt":"2025-02-13T21:44:58","slug":"alerta-pe-a1-un-camion-plin-cu-lemne-s-a-rasturnat-traficul-este-restrictionat-pe-sensul-de-mers-sibiu-deva","status":"publish","type":"post","link":"https:\/\/247stiri.ro\/index.php\/2025\/02\/13\/alerta-pe-a1-un-camion-plin-cu-lemne-s-a-rasturnat-traficul-este-restrictionat-pe-sensul-de-mers-sibiu-deva\/","title":{"rendered":"Alert\u0103 pe A1. Un camion plin cu lemne s-a r\u0103sturnat. Traficul este restric\u021bionat pe sensul de mers Sibiu-Deva"},"content":{"rendered":"<p>&#8216;Traficul rutier este restric\u021bionat pe A1, la kilometrul 372, sensul de mers Sibiu &#8211; Deva, din cauza unui autocamion care s-ar fi r\u0103sturnat pe carosabil&#8217;, a transmis Inspectoratul de Poli\u021bie Jude\u021bean Alba.La locul accidentului s-au deplasat \u0219i for\u021be de interven\u021bie ale Deta\u0219amentului de Pompieri Sebe\u0219.&#8217;Nu sunt persoane \u00eencarcerate. \u0218oferul autocamionului este asistat medical de c\u0103tre echipajul SMURD. Se intervine pentru asigurarea m\u0103surilor specifice la locul accidentului&#8217;, a precizat Inspectoratul pentru Situa\u021bii de Urgen\u021b\u0103 Alba.\u00a0<\/p>\n<p><a title=\"Incident in Munchen. O masina a intrat in plin, in oameni. Cel putin 27 de persoane au fost ranite, conform politiei\" href=\"https:\/\/www.realitatea.net\/stiri\/actual\/incident-in-munchen-o-masina-a-intrat-in-plin-in-oameni-mai-multe-persoane-au-fost-ranite-conform-politiei_67adc598b9369d10c5152b92\">Incident \u00een Munchen. O ma\u0219in\u0103 a intrat \u00een plin, \u00een oameni. Cel pu\u021bin 27 de persoane au fost r\u0103nite, conform poli\u021biei<\/a><\/p>","protected":false},"excerpt":{"rendered":"<p>&#8216;Traficul rutier este restric\u021bionat pe A1, la kilometrul 372, sensul de mers Sibiu &#8211; Deva,&hellip;<\/p>\n","protected":false},"author":0,"featured_media":31580,"comment_status":"open","ping_status":"open","sticky":false,"template":"","format":"standard","meta":{"footnotes":""},"categories":[2],"tags":[],"class_list":["post-31579","post","type-post","status-publish","format-standard","has-post-thumbnail","hentry","category-actual"],"_links":{"self":[{"href":"https:\/\/247stiri.ro\/index.php\/wp-json\/wp\/v2\/posts\/31579","targetHints":{"allow":["GET"]}}],"collection":[{"href":"https:\/\/247stiri.ro\/index.php\/wp-json\/wp\/v2\/posts"}],"about":[{"href":"https:\/\/247stiri.ro\/index.php\/wp-json\/wp\/v2\/types\/post"}],"replies":[{"embeddable":true,"href":"https:\/\/247stiri.ro\/index.php\/wp-json\/wp\/v2\/comments?post=31579"}],"version-history":[{"count":0,"href":"https:\/\/247stiri.ro\/index.php\/wp-json\/wp\/v2\/posts\/31579\/revisions"}],"wp:featuredmedia":[{"embeddable":true,"href":"https:\/\/247stiri.ro\/index.php\/wp-json\/wp\/v2\/media\/31580"}],"wp:attachment":[{"href":"https:\/\/247stiri.ro\/index.php\/wp-json\/wp\/v2\/media?parent=31579"}],"wp:term":[{"taxonomy":"category","embeddable":true,"href":"https:\/\/247stiri.ro\/index.php\/wp-json\/wp\/v2\/categories?post=31579"},{"taxonomy":"post_tag","embeddable":true,"href":"https:\/\/247stiri.ro\/index.php\/wp-json\/wp\/v2\/tags?post=31579"}],"curies":[{"name":"wp","href":"https:\/\/api.w.org\/{rel}","templated":true}]}}