{"id":31598,"date":"2025-02-14T05:48:03","date_gmt":"2025-02-14T05:48:03","guid":{"rendered":"https:\/\/247stiri.ro\/index.php\/2025\/02\/14\/accident-in-cluj-un-autocar-si-un-camion-implicate-doua-persoane-transportate-la-spital\/"},"modified":"2025-02-14T05:48:03","modified_gmt":"2025-02-14T05:48:03","slug":"accident-in-cluj-un-autocar-si-un-camion-implicate-doua-persoane-transportate-la-spital","status":"publish","type":"post","link":"https:\/\/247stiri.ro\/index.php\/2025\/02\/14\/accident-in-cluj-un-autocar-si-un-camion-implicate-doua-persoane-transportate-la-spital\/","title":{"rendered":"Accident \u00een Cluj. Un autocar si un camion, implicate: dou\u0103 persoane, transportate la spital"},"content":{"rendered":"<p>Accidentul rutier s-a petrecut vineri diminea\u021b\u0103 pe o strad\u0103 din municipiul Cluj-Napoca.<\/p>\n<p>\u00a0\u201dApelul de urgen\u0163\u0103 a venit \u00een jurul orei 05.45, iar \u00een accident au fost implicate un autocar \u015fi o autoutilitar\u0103. La fa\u0163a locului, for\u0163ele noastre au g\u0103sit 14 persoane, f\u0103r\u0103 victime \u00eencarcerate. Doi b\u0103rba\u0163i \u015fi o femeie cu v\u00e2rste cuprinse \u00eentre 36 \u015fi 55 de ani au fost evalua\u0163i din punct de vedere medical, dar au refuzat transportul la spital\u201d, a transmis ISU Cluj.\u00a0La misiune au luat parte dou\u0103 autospeciale cu modul de descarcerare, o ambulan\u0163\u0103 SMURD de terapie intensiv\u0103 mobil\u0103 \u015fi dou\u0103 echipaje SAJ.<\/p>","protected":false},"excerpt":{"rendered":"<p>Accidentul rutier s-a petrecut vineri diminea\u021b\u0103 pe o strad\u0103 din municipiul Cluj-Napoca. \u00a0\u201dApelul de urgen\u0163\u0103&hellip;<\/p>\n","protected":false},"author":0,"featured_media":31599,"comment_status":"open","ping_status":"open","sticky":false,"template":"","format":"standard","meta":{"footnotes":""},"categories":[2],"tags":[],"class_list":["post-31598","post","type-post","status-publish","format-standard","has-post-thumbnail","hentry","category-actual"],"_links":{"self":[{"href":"https:\/\/247stiri.ro\/index.php\/wp-json\/wp\/v2\/posts\/31598","targetHints":{"allow":["GET"]}}],"collection":[{"href":"https:\/\/247stiri.ro\/index.php\/wp-json\/wp\/v2\/posts"}],"about":[{"href":"https:\/\/247stiri.ro\/index.php\/wp-json\/wp\/v2\/types\/post"}],"replies":[{"embeddable":true,"href":"https:\/\/247stiri.ro\/index.php\/wp-json\/wp\/v2\/comments?post=31598"}],"version-history":[{"count":0,"href":"https:\/\/247stiri.ro\/index.php\/wp-json\/wp\/v2\/posts\/31598\/revisions"}],"wp:featuredmedia":[{"embeddable":true,"href":"https:\/\/247stiri.ro\/index.php\/wp-json\/wp\/v2\/media\/31599"}],"wp:attachment":[{"href":"https:\/\/247stiri.ro\/index.php\/wp-json\/wp\/v2\/media?parent=31598"}],"wp:term":[{"taxonomy":"category","embeddable":true,"href":"https:\/\/247stiri.ro\/index.php\/wp-json\/wp\/v2\/categories?post=31598"},{"taxonomy":"post_tag","embeddable":true,"href":"https:\/\/247stiri.ro\/index.php\/wp-json\/wp\/v2\/tags?post=31598"}],"curies":[{"name":"wp","href":"https:\/\/api.w.org\/{rel}","templated":true}]}}