{"id":31615,"date":"2025-02-14T06:46:07","date_gmt":"2025-02-14T06:46:07","guid":{"rendered":"https:\/\/247stiri.ro\/index.php\/2025\/02\/14\/rugaciune-catre-sfantul-valentin-trebuie-rostita-pe-data-de-14-februarie-pentru-a-spori-dragostea-partenerului\/"},"modified":"2025-02-14T06:46:07","modified_gmt":"2025-02-14T06:46:07","slug":"rugaciune-catre-sfantul-valentin-trebuie-rostita-pe-data-de-14-februarie-pentru-a-spori-dragostea-partenerului","status":"publish","type":"post","link":"https:\/\/247stiri.ro\/index.php\/2025\/02\/14\/rugaciune-catre-sfantul-valentin-trebuie-rostita-pe-data-de-14-februarie-pentru-a-spori-dragostea-partenerului\/","title":{"rendered":"Rug\u0103ciune c\u0103tre Sf\u00e2ntul Valentin. Trebuie rostit\u0103 pe data de 14 februarie, pentru a spori dragostea partenerului"},"content":{"rendered":"<p>\u201eO \u00a0Sf\u00e2nt drag \u0219i martir glorios,<\/p>\n<p>\u00cenva\u021b\u0103-ne s\u0103 iubim f\u0103r\u0103 a fi egoi\u0219ti \u0219i s\u0103 fim bucuro\u0219i d\u0103ruind. D\u0103 putere tuturor celor care iubesc cu adev\u0103rat s\u0103 aduc\u0103 tot ceea ce este mai bun \u00een cel\u0103lalt prin Dumnezeu \u0219i \u00een Dumnezeu. Iubirea, iubirea este \u00eendelung r\u0103bd\u0103toare, iubirea este binevoitoare, nu este invidioas\u0103, iubirea nu se laud\u0103, nu se m\u00e2ndre\u015fte.<\/p>\n<p>Ea nu se poart\u0103 necuviincios, nu caut\u0103 ale sale, nu se m\u00e2nie, nu \u0163ine cont de r\u0103ul [primit]. Nu se bucur\u0103 de nedreptate, ci se bucur\u0103 de adev\u0103r. Toate le suport\u0103, toate le crede, toate le sper\u0103, toate le \u00eendur\u0103. Iubirea nu \u00eenceteaz\u0103 niciodat\u0103. (Scrisoarea \u00eent\u00e2i a Sf\u00e2ntului Apostol Paul c\u0103tre Corinteni)\u201d Amin.<\/p>\n<p><a href=\"https:\/\/www.realitatea.net\/stiri\/actual\/cine-a-fost-sfantul-valentin-de-ce-se-sarbatoreste-ziua-indragostitilor-pe-14-februarie_67aedb827a4d657b5f3b5f33\" target=\"_blank\">Cine a fost, de fapt, Sf\u00e2ntul Valentin? De ce se s\u0103rb\u0103tore\u0219te Ziua \u00cendr\u0103gosti\u021bilor pe 14 februarie<\/a><\/p>","protected":false},"excerpt":{"rendered":"<p>\u201eO \u00a0Sf\u00e2nt drag \u0219i martir glorios, \u00cenva\u021b\u0103-ne s\u0103 iubim f\u0103r\u0103 a fi egoi\u0219ti \u0219i s\u0103&hellip;<\/p>\n","protected":false},"author":0,"featured_media":31606,"comment_status":"open","ping_status":"open","sticky":false,"template":"","format":"standard","meta":{"footnotes":""},"categories":[2],"tags":[],"class_list":["post-31615","post","type-post","status-publish","format-standard","has-post-thumbnail","hentry","category-actual"],"_links":{"self":[{"href":"https:\/\/247stiri.ro\/index.php\/wp-json\/wp\/v2\/posts\/31615","targetHints":{"allow":["GET"]}}],"collection":[{"href":"https:\/\/247stiri.ro\/index.php\/wp-json\/wp\/v2\/posts"}],"about":[{"href":"https:\/\/247stiri.ro\/index.php\/wp-json\/wp\/v2\/types\/post"}],"replies":[{"embeddable":true,"href":"https:\/\/247stiri.ro\/index.php\/wp-json\/wp\/v2\/comments?post=31615"}],"version-history":[{"count":0,"href":"https:\/\/247stiri.ro\/index.php\/wp-json\/wp\/v2\/posts\/31615\/revisions"}],"wp:featuredmedia":[{"embeddable":true,"href":"https:\/\/247stiri.ro\/index.php\/wp-json\/wp\/v2\/media\/31606"}],"wp:attachment":[{"href":"https:\/\/247stiri.ro\/index.php\/wp-json\/wp\/v2\/media?parent=31615"}],"wp:term":[{"taxonomy":"category","embeddable":true,"href":"https:\/\/247stiri.ro\/index.php\/wp-json\/wp\/v2\/categories?post=31615"},{"taxonomy":"post_tag","embeddable":true,"href":"https:\/\/247stiri.ro\/index.php\/wp-json\/wp\/v2\/tags?post=31615"}],"curies":[{"name":"wp","href":"https:\/\/api.w.org\/{rel}","templated":true}]}}