{"id":31620,"date":"2025-02-14T06:46:08","date_gmt":"2025-02-14T06:46:08","guid":{"rendered":"https:\/\/247stiri.ro\/index.php\/2025\/02\/14\/elevii-din-bucuresti-intra-in-vacanta-pentru-o-saptamana-cat-ii-mai-desparte-pe-copii-pana-la-mult-asteptata-vacanta-de-vara\/"},"modified":"2025-02-14T06:46:08","modified_gmt":"2025-02-14T06:46:08","slug":"elevii-din-bucuresti-intra-in-vacanta-pentru-o-saptamana-cat-ii-mai-desparte-pe-copii-pana-la-mult-asteptata-vacanta-de-vara","status":"publish","type":"post","link":"https:\/\/247stiri.ro\/index.php\/2025\/02\/14\/elevii-din-bucuresti-intra-in-vacanta-pentru-o-saptamana-cat-ii-mai-desparte-pe-copii-pana-la-mult-asteptata-vacanta-de-vara\/","title":{"rendered":"Elevii din Bucure\u0219ti intr\u0103 \u00een vacan\u021b\u0103 pentru o s\u0103pt\u0103m\u00e2n\u0103. C\u00e2t \u00eei mai desparte pe copii p\u00e2n\u0103 la mult a\u0219teptata vacan\u021b\u0103 de var\u0103"},"content":{"rendered":"<p>\u00cen perioada 10 februarie &#8211; 2 martie, fiecare Inspectorat \u0219colar decide \u00een ce perioad\u0103 elevii din jude\u021bul respectiv sau din Bucure\u0219ti vor avea vacan\u021b\u0103 pentru o s\u0103pt\u0103m\u00e2n\u0103.<\/p>\n<p>Urm\u0103toarea vacan\u021b\u0103 este programat\u0103 \u00een perioada 18 aprilie &#8211; 27 aprilie, \u0219i aici vorbim despre vacan\u021ba de Pa\u0219te.\u00a0<\/p>\n<p>Apoi copiii se vor putea g\u00e2ndi deja la vacan\u021ba de var\u0103, programat\u0103 s\u0103 \u00eenceap\u0103 pe 21 iunie.<\/p>\n<p>\u00a0<\/p>","protected":false},"excerpt":{"rendered":"<p>\u00cen perioada 10 februarie &#8211; 2 martie, fiecare Inspectorat \u0219colar decide \u00een ce perioad\u0103 elevii&hellip;<\/p>\n","protected":false},"author":0,"featured_media":31621,"comment_status":"open","ping_status":"open","sticky":false,"template":"","format":"standard","meta":{"footnotes":""},"categories":[2],"tags":[],"class_list":["post-31620","post","type-post","status-publish","format-standard","has-post-thumbnail","hentry","category-actual"],"_links":{"self":[{"href":"https:\/\/247stiri.ro\/index.php\/wp-json\/wp\/v2\/posts\/31620","targetHints":{"allow":["GET"]}}],"collection":[{"href":"https:\/\/247stiri.ro\/index.php\/wp-json\/wp\/v2\/posts"}],"about":[{"href":"https:\/\/247stiri.ro\/index.php\/wp-json\/wp\/v2\/types\/post"}],"replies":[{"embeddable":true,"href":"https:\/\/247stiri.ro\/index.php\/wp-json\/wp\/v2\/comments?post=31620"}],"version-history":[{"count":0,"href":"https:\/\/247stiri.ro\/index.php\/wp-json\/wp\/v2\/posts\/31620\/revisions"}],"wp:featuredmedia":[{"embeddable":true,"href":"https:\/\/247stiri.ro\/index.php\/wp-json\/wp\/v2\/media\/31621"}],"wp:attachment":[{"href":"https:\/\/247stiri.ro\/index.php\/wp-json\/wp\/v2\/media?parent=31620"}],"wp:term":[{"taxonomy":"category","embeddable":true,"href":"https:\/\/247stiri.ro\/index.php\/wp-json\/wp\/v2\/categories?post=31620"},{"taxonomy":"post_tag","embeddable":true,"href":"https:\/\/247stiri.ro\/index.php\/wp-json\/wp\/v2\/tags?post=31620"}],"curies":[{"name":"wp","href":"https:\/\/api.w.org\/{rel}","templated":true}]}}