{"id":31629,"date":"2025-02-14T07:45:31","date_gmt":"2025-02-14T07:45:31","guid":{"rendered":"https:\/\/247stiri.ro\/index.php\/2025\/02\/14\/sfidare-ilie-bolojan-a-zburat-la-oradea-in-a-doua-zi-de-mandat-pe-unde-se-plimba-cu-avionul-presedintele-interimar\/"},"modified":"2025-02-14T07:45:31","modified_gmt":"2025-02-14T07:45:31","slug":"sfidare-ilie-bolojan-a-zburat-la-oradea-in-a-doua-zi-de-mandat-pe-unde-se-plimba-cu-avionul-presedintele-interimar","status":"publish","type":"post","link":"https:\/\/247stiri.ro\/index.php\/2025\/02\/14\/sfidare-ilie-bolojan-a-zburat-la-oradea-in-a-doua-zi-de-mandat-pe-unde-se-plimba-cu-avionul-presedintele-interimar\/","title":{"rendered":"Sfidare! Ilie Bolojan a zburat la Oradea \u00een a doua zi de mandat. Pe unde se plimb\u0103 cu avionul pre\u0219edintele interimar\u00a0"},"content":{"rendered":"<p>\u00cen fa\u021ba presei, pre\u0219edintele interimar a spus c\u0103 a zburat la Oradea pentru o \u00eent\u00e2lnire \u0219i c\u0103, ast\u0103zi, se va \u00eentoarce \u00een Capitala, \u00eens\u0103, a refuzat s\u0103 r\u0103spund\u0103 la alte \u00eentreb\u0103ri.\u00a0<\/p>\n<p>De exemplu, Bolojan a fost chestionat de jurnali\u0219ti \u0219i cu privire la ce p\u0103rere are despre convorbirea dintre Trump \u0219i Putin, \u00eens\u0103 a spus doar \u201emul\u021bumesc\u201d \u0219i s-a \u00eendreptat spre ma\u0219ina care \u00eel a\u0219tepta \u00een fa\u021ba aeroportului.\u00a0<\/p>\n<p>Contrar regulamentului, pre\u0219edintele interimar s-a urcat pe scaunul din fa\u021b\u0103, iar un ofi\u021ber SPP a urcat \u00een spatele s\u0103u.\u00a0<\/p>","protected":false},"excerpt":{"rendered":"<p>\u00cen fa\u021ba presei, pre\u0219edintele interimar a spus c\u0103 a zburat la Oradea pentru o \u00eent\u00e2lnire&hellip;<\/p>\n","protected":false},"author":0,"featured_media":31630,"comment_status":"open","ping_status":"open","sticky":false,"template":"","format":"standard","meta":{"footnotes":""},"categories":[3],"tags":[],"class_list":["post-31629","post","type-post","status-publish","format-standard","has-post-thumbnail","hentry","category-politica"],"_links":{"self":[{"href":"https:\/\/247stiri.ro\/index.php\/wp-json\/wp\/v2\/posts\/31629","targetHints":{"allow":["GET"]}}],"collection":[{"href":"https:\/\/247stiri.ro\/index.php\/wp-json\/wp\/v2\/posts"}],"about":[{"href":"https:\/\/247stiri.ro\/index.php\/wp-json\/wp\/v2\/types\/post"}],"replies":[{"embeddable":true,"href":"https:\/\/247stiri.ro\/index.php\/wp-json\/wp\/v2\/comments?post=31629"}],"version-history":[{"count":0,"href":"https:\/\/247stiri.ro\/index.php\/wp-json\/wp\/v2\/posts\/31629\/revisions"}],"wp:featuredmedia":[{"embeddable":true,"href":"https:\/\/247stiri.ro\/index.php\/wp-json\/wp\/v2\/media\/31630"}],"wp:attachment":[{"href":"https:\/\/247stiri.ro\/index.php\/wp-json\/wp\/v2\/media?parent=31629"}],"wp:term":[{"taxonomy":"category","embeddable":true,"href":"https:\/\/247stiri.ro\/index.php\/wp-json\/wp\/v2\/categories?post=31629"},{"taxonomy":"post_tag","embeddable":true,"href":"https:\/\/247stiri.ro\/index.php\/wp-json\/wp\/v2\/tags?post=31629"}],"curies":[{"name":"wp","href":"https:\/\/api.w.org\/{rel}","templated":true}]}}