{"id":31637,"date":"2025-02-14T07:45:34","date_gmt":"2025-02-14T07:45:34","guid":{"rendered":"https:\/\/247stiri.ro\/index.php\/2025\/02\/14\/gerul-persista-pana-la-finalul-acestei-luni-cum-va-fi-vremea-in-primele-doua-saptamani-din-martie-noua-prognoza-a-anm\/"},"modified":"2025-02-14T07:45:34","modified_gmt":"2025-02-14T07:45:34","slug":"gerul-persista-pana-la-finalul-acestei-luni-cum-va-fi-vremea-in-primele-doua-saptamani-din-martie-noua-prognoza-a-anm","status":"publish","type":"post","link":"https:\/\/247stiri.ro\/index.php\/2025\/02\/14\/gerul-persista-pana-la-finalul-acestei-luni-cum-va-fi-vremea-in-primele-doua-saptamani-din-martie-noua-prognoza-a-anm\/","title":{"rendered":"Gerul persist\u0103 p\u00e2n\u0103 la finalul acestei luni. Cum va fi VREMEA \u00een primele dou\u0103 s\u0103pt\u0103m\u00e2ni din martie: noua prognoz\u0103 a ANM"},"content":{"rendered":"<p>S\u0103pt\u0103m\u00e2na 17.02.2025 \u2013 24.02.2025<\/p>\n<p>Valorile termice vor fi mai cobor\u00e2te dec\u00e2t cele specifice pentru aceast\u0103 s\u0103pt\u0103m\u00e2n\u0103, pe \u00eentreg teritoriul Rom\u00e2niei, dar cu o abatere termic\u0103 negativ\u0103 mai accentuat\u0103 \u00een zonele montane \u015fi \u00een sud-estul \u0163\u0103rii.<\/p>\n<p>Regimul pluviometric va fi deficitar la nivelul \u00eentregii \u0163\u0103ri, dar mai ales \u00een regiunile vestice \u015fi nord-vestice.<\/p>\n<p>S\u0103pt\u0103m\u00e2na 24.02.2025 \u2013 03.03.2025<\/p>\n<p>Temperaturile medii vor fi mai cobor\u00e2te dec\u00e2t cele specifice pentru acest interval \u00een regiunile sudice, estice \u015fi sud-estice, iar \u00een rest vor fi \u00een general apropiate de cele normale.<\/p>\n<p>Cantit\u0103\u0163ile de precipita\u0163ii vor fi deficitare \u00een toate regiunile dar mai ales \u00een zonele montane.<\/p>\n<p>S\u0103pt\u0103m\u00e2na 03.03.2025 \u2013 10.03.2025<\/p>\n<p>Temperatura medie a aerului va avea valori u\u015for mai ridicate dec\u00e2t cele normale pentru aceast\u0103 perioad\u0103 \u00een majoritatea regiunilor, dar mai ales \u00een zonele montane.<\/p>\n<p>Regimul pluviometric estimat pentru acest interval va avea o tendin\u0163\u0103 u\u015for deficitar\u0103 la nivelul \u00eentregii \u0163\u0103ri, dar mai ales la munte.<\/p>\n<p>S\u0103pt\u0103m\u00e2na 10.03.2025 \u2013 17.03.2025<\/p>\n<p>Mediile valorilor termice se vor situa peste cele specifice pentru aceast\u0103 s\u0103pt\u0103m\u00e2n\u0103 pe \u00eentreg teritoriul Rom\u00e2niei, dar mai ales \u00een zonele montane.<\/p>\n<p>Cantit\u0103\u0163ile de precipita\u0163ii vor fi \u00een general apropiate de cele normale pentru aceast\u0103 perioad\u0103, cu posibilitatea unui u\u015for deficit la munte \u015fi local \u00een centru \u015fi nord-vest.<\/p>","protected":false},"excerpt":{"rendered":"<p>S\u0103pt\u0103m\u00e2na 17.02.2025 \u2013 24.02.2025 Valorile termice vor fi mai cobor\u00e2te dec\u00e2t cele specifice pentru aceast\u0103&hellip;<\/p>\n","protected":false},"author":0,"featured_media":31638,"comment_status":"open","ping_status":"open","sticky":false,"template":"","format":"standard","meta":{"footnotes":""},"categories":[2],"tags":[],"class_list":["post-31637","post","type-post","status-publish","format-standard","has-post-thumbnail","hentry","category-actual"],"_links":{"self":[{"href":"https:\/\/247stiri.ro\/index.php\/wp-json\/wp\/v2\/posts\/31637","targetHints":{"allow":["GET"]}}],"collection":[{"href":"https:\/\/247stiri.ro\/index.php\/wp-json\/wp\/v2\/posts"}],"about":[{"href":"https:\/\/247stiri.ro\/index.php\/wp-json\/wp\/v2\/types\/post"}],"replies":[{"embeddable":true,"href":"https:\/\/247stiri.ro\/index.php\/wp-json\/wp\/v2\/comments?post=31637"}],"version-history":[{"count":0,"href":"https:\/\/247stiri.ro\/index.php\/wp-json\/wp\/v2\/posts\/31637\/revisions"}],"wp:featuredmedia":[{"embeddable":true,"href":"https:\/\/247stiri.ro\/index.php\/wp-json\/wp\/v2\/media\/31638"}],"wp:attachment":[{"href":"https:\/\/247stiri.ro\/index.php\/wp-json\/wp\/v2\/media?parent=31637"}],"wp:term":[{"taxonomy":"category","embeddable":true,"href":"https:\/\/247stiri.ro\/index.php\/wp-json\/wp\/v2\/categories?post=31637"},{"taxonomy":"post_tag","embeddable":true,"href":"https:\/\/247stiri.ro\/index.php\/wp-json\/wp\/v2\/tags?post=31637"}],"curies":[{"name":"wp","href":"https:\/\/api.w.org\/{rel}","templated":true}]}}