{"id":31657,"date":"2025-02-14T08:48:22","date_gmt":"2025-02-14T08:48:22","guid":{"rendered":"https:\/\/247stiri.ro\/index.php\/2025\/02\/14\/caz-halucinant-in-gorj-tanar-de-22-de-ani-sechestrat-de-propriii-parinti-intr-o-cusca-si-hranit-in-lanturi\/"},"modified":"2025-02-14T08:48:22","modified_gmt":"2025-02-14T08:48:22","slug":"caz-halucinant-in-gorj-tanar-de-22-de-ani-sechestrat-de-propriii-parinti-intr-o-cusca-si-hranit-in-lanturi","status":"publish","type":"post","link":"https:\/\/247stiri.ro\/index.php\/2025\/02\/14\/caz-halucinant-in-gorj-tanar-de-22-de-ani-sechestrat-de-propriii-parinti-intr-o-cusca-si-hranit-in-lanturi\/","title":{"rendered":"Caz halucinant \u00een Gorj. T\u00e2n\u0103r de 22 de ani, sechestrat de propriii p\u0103rin\u021bi \u00eentr-o cu\u0219c\u0103 \u0219i hr\u0103nit \u00een lan\u021buri"},"content":{"rendered":"<p>Cazul \u0219ocant a fost descoperit de membrii Comisiei de Asisten\u021b\u0103 Social\u0103 din cadrul Prim\u0103riei Schela, care \u00een urm\u0103 cu c\u00e2teva zile au primit o solicitare din partea unui cet\u0103\u021bean, mutat \u00een ianuarie din B\u0103ile\u0219ti, pe raza localit\u0103\u021bii, \u00een care cerea aprobarea unui dosar de asistent personal pentru t\u00e2n\u0103rul de 22 de ani, ce are un handicap grav.\u00a0<\/p>\n<p>Conform procedurii, membrii Comisiei de Asisten\u021b\u0103 Social\u0103 s-au deplasat la locuin\u021ba t\u00e2n\u0103rului din satul Gorn\u0103cel, comuna Schela, unde au descoperit c\u0103 acesta era \u021binut \u00een condi\u021bii inumane de c\u0103tre proprii s\u0103i p\u0103rin\u021bi.\u00a0<\/p>\n<p>Ace\u0219tia au r\u0103mas stupefia\u021bi atunci c\u00e2nd au v\u0103zut camera t\u00e2n\u0103rului care ar\u0103ta ca o cu\u0219c\u0103. P\u0103rin\u021bii acestuia au \u00eemp\u0103r\u021bit \u00eenc\u0103perea \u00een dou\u0103 \u0219i au montat un grilaj metalic, iar accesul se f\u0103cea printr-o u\u0219\u0103 \u00eenchis\u0103 cu un lac\u0103t. Inclusiv geamul \u00eenc\u0103perii era dotat cu gratii.<\/p>\n<p>Dup\u0103 ce a fost luat la \u00eentreb\u0103ri de membrii comisiei, tat\u0103l t\u00e2n\u0103rului a recunoscut c\u0103 nu \u00eei mai administra tratamentul adecvat fiului s\u0103u de mai bine de doi ani de zile.\u00a0<\/p>\n<p>Mai mult, el l-a spus autorit\u0103\u021bilor c\u0103 \u00ee\u0219i \u021binea fiul \u00eenchis \u00een cu\u0219c\u0103 \u0219i \u00eel hr\u0103nea \u00een lan\u021buri, deoarece acesta era agresiv.\u00a0<\/p>\n<p>F\u0103r\u0103 s\u0103 stea pe g\u00e2nduri, membrii comisiei i-au alertat pe oamenii legii, iar la fa\u021ba locului au intervenit poli\u021bi\u0219tii din cadrul Poli\u021biei Ora\u0219ului Bumbe\u0219ti Jiu, \u00eempreun\u0103 cu reprezentan\u021bi ai Direc\u021biei Generale de Asisten\u021b\u0103 Social\u0103 \u0219i Protec\u021bia Copilului (D.G.A.S.P.C.) <a href=\"https:\/\/www.realitatea.net\/stiri\/actual\/furt-de-proportii-in-gorj-140000-de-euro-si-bijuterii-de-zeci-de-mii-de-lei-sustrase-dintrun-cabinet-medical_67abc39cbcede73cdd3e4902\" target=\"_blank\">Gorj<\/a>.\u00a0<\/p>\n<p>\u00cen cele din urm\u0103, t\u00e2n\u0103rul de 22 de ani a fost preluat de autorit\u0103\u021bi \u0219i dus la un centru al DGASPC Gorj, scrie AS in Gorj. Oamenii legii au deschis un dosar penal \u00een acest caz.<\/p>\n<p>\u201dLa data de 13 februarie a.c., poli\u021bi\u0219ti din cadrul Poli\u021biei Ora\u0219ului Bumbe\u0219ti Jiu, \u00eempreun\u0103 cu reprezentan\u021bi ai D.G.A.S.P.C. Gorj s-au deplasat \u00een comuna Schela, la locuin\u021ba unui t\u00e2n\u0103r \u00een v\u00e2rst\u0103 de 22 ani, ocazie cu care au constatat faptul c\u0103, pentru limitarea mi\u0219c\u0103rii \u0219i protec\u021bia acestuia, p\u0103rin\u021bii ar fi confec\u021bionat un perete desp\u0103r\u021bitor din grilaj metalic, pentru separarea \u00eenc\u0103perii unde a fost identificat\u0103 persoana.\u00cen cauz\u0103 s-a fost \u00eentocmit dosar penal sub aspectul s\u0103v\u00e2r\u0219irii infrac\u021biunii de lipsire de libertate\u201d, a transmis IPJ Gorj.<\/p>","protected":false},"excerpt":{"rendered":"<p>Cazul \u0219ocant a fost descoperit de membrii Comisiei de Asisten\u021b\u0103 Social\u0103 din cadrul Prim\u0103riei Schela,&hellip;<\/p>\n","protected":false},"author":0,"featured_media":31658,"comment_status":"open","ping_status":"open","sticky":false,"template":"","format":"standard","meta":{"footnotes":""},"categories":[2],"tags":[],"class_list":["post-31657","post","type-post","status-publish","format-standard","has-post-thumbnail","hentry","category-actual"],"_links":{"self":[{"href":"https:\/\/247stiri.ro\/index.php\/wp-json\/wp\/v2\/posts\/31657","targetHints":{"allow":["GET"]}}],"collection":[{"href":"https:\/\/247stiri.ro\/index.php\/wp-json\/wp\/v2\/posts"}],"about":[{"href":"https:\/\/247stiri.ro\/index.php\/wp-json\/wp\/v2\/types\/post"}],"replies":[{"embeddable":true,"href":"https:\/\/247stiri.ro\/index.php\/wp-json\/wp\/v2\/comments?post=31657"}],"version-history":[{"count":0,"href":"https:\/\/247stiri.ro\/index.php\/wp-json\/wp\/v2\/posts\/31657\/revisions"}],"wp:featuredmedia":[{"embeddable":true,"href":"https:\/\/247stiri.ro\/index.php\/wp-json\/wp\/v2\/media\/31658"}],"wp:attachment":[{"href":"https:\/\/247stiri.ro\/index.php\/wp-json\/wp\/v2\/media?parent=31657"}],"wp:term":[{"taxonomy":"category","embeddable":true,"href":"https:\/\/247stiri.ro\/index.php\/wp-json\/wp\/v2\/categories?post=31657"},{"taxonomy":"post_tag","embeddable":true,"href":"https:\/\/247stiri.ro\/index.php\/wp-json\/wp\/v2\/tags?post=31657"}],"curies":[{"name":"wp","href":"https:\/\/api.w.org\/{rel}","templated":true}]}}