{"id":31672,"date":"2025-02-14T09:45:36","date_gmt":"2025-02-14T09:45:36","guid":{"rendered":"https:\/\/247stiri.ro\/index.php\/2025\/02\/14\/unde-va-locui-ilie-bolojan-pe-perioada-interimatului-decizia-luata-pentru-eficientizarea-activitatii-si-limitarea-cheltuielilor\/"},"modified":"2025-02-14T09:45:36","modified_gmt":"2025-02-14T09:45:36","slug":"unde-va-locui-ilie-bolojan-pe-perioada-interimatului-decizia-luata-pentru-eficientizarea-activitatii-si-limitarea-cheltuielilor","status":"publish","type":"post","link":"https:\/\/247stiri.ro\/index.php\/2025\/02\/14\/unde-va-locui-ilie-bolojan-pe-perioada-interimatului-decizia-luata-pentru-eficientizarea-activitatii-si-limitarea-cheltuielilor\/","title":{"rendered":"Unde va locui Ilie Bolojan pe perioada interimatului. Decizia, luat\u0103 &#8222;pentru eficientizarea activit\u0103\u021bii \u0219i limitarea cheltuielilor&#8221;"},"content":{"rendered":"<p>Amnistra\u021bia Preziden\u021bial\u0103 precizeaz\u0103 c\u0103 &#8222;pentru eficientizarea activit\u0103\u021bii \u0219i pentru limitarea cheltuielilor privind cazarea \u0219i transportul zilnice, pre\u0219edintele interimar al Rom\u00e2niei, Ilie Bolojan, a decis s\u0103 locuiasc\u0103, pe perioada exercit\u0103rii mandatului, \u00eentr-un spa\u021biu din incinta Complexului \u201ePalat Cotroceni\u201d&#8221;.<\/p>\n<p>Cu alte cuvinte, acesta nu va locui &#8211; ca to\u021bi ceilal\u021bi pre\u0219edin\u021bi &#8211; la Vila Lac, ci se va stabili la Palatul Cotreceni, inclusiv \u00een ceea ce prive\u0219te cazarea.\u00a0<\/p>","protected":false},"excerpt":{"rendered":"<p>Amnistra\u021bia Preziden\u021bial\u0103 precizeaz\u0103 c\u0103 &#8222;pentru eficientizarea activit\u0103\u021bii \u0219i pentru limitarea cheltuielilor privind cazarea \u0219i transportul&hellip;<\/p>\n","protected":false},"author":0,"featured_media":31673,"comment_status":"open","ping_status":"open","sticky":false,"template":"","format":"standard","meta":{"footnotes":""},"categories":[3],"tags":[],"class_list":["post-31672","post","type-post","status-publish","format-standard","has-post-thumbnail","hentry","category-politica"],"_links":{"self":[{"href":"https:\/\/247stiri.ro\/index.php\/wp-json\/wp\/v2\/posts\/31672","targetHints":{"allow":["GET"]}}],"collection":[{"href":"https:\/\/247stiri.ro\/index.php\/wp-json\/wp\/v2\/posts"}],"about":[{"href":"https:\/\/247stiri.ro\/index.php\/wp-json\/wp\/v2\/types\/post"}],"replies":[{"embeddable":true,"href":"https:\/\/247stiri.ro\/index.php\/wp-json\/wp\/v2\/comments?post=31672"}],"version-history":[{"count":0,"href":"https:\/\/247stiri.ro\/index.php\/wp-json\/wp\/v2\/posts\/31672\/revisions"}],"wp:featuredmedia":[{"embeddable":true,"href":"https:\/\/247stiri.ro\/index.php\/wp-json\/wp\/v2\/media\/31673"}],"wp:attachment":[{"href":"https:\/\/247stiri.ro\/index.php\/wp-json\/wp\/v2\/media?parent=31672"}],"wp:term":[{"taxonomy":"category","embeddable":true,"href":"https:\/\/247stiri.ro\/index.php\/wp-json\/wp\/v2\/categories?post=31672"},{"taxonomy":"post_tag","embeddable":true,"href":"https:\/\/247stiri.ro\/index.php\/wp-json\/wp\/v2\/tags?post=31672"}],"curies":[{"name":"wp","href":"https:\/\/api.w.org\/{rel}","templated":true}]}}