{"id":31674,"date":"2025-02-14T09:45:37","date_gmt":"2025-02-14T09:45:37","guid":{"rendered":"https:\/\/247stiri.ro\/index.php\/2025\/02\/14\/tragedie-in-suceava-batran-de-91-de-ani-carbonizat-intr-un-incendiu-care-i-a-cuprins-locuinta\/"},"modified":"2025-02-14T09:45:37","modified_gmt":"2025-02-14T09:45:37","slug":"tragedie-in-suceava-batran-de-91-de-ani-carbonizat-intr-un-incendiu-care-i-a-cuprins-locuinta","status":"publish","type":"post","link":"https:\/\/247stiri.ro\/index.php\/2025\/02\/14\/tragedie-in-suceava-batran-de-91-de-ani-carbonizat-intr-un-incendiu-care-i-a-cuprins-locuinta\/","title":{"rendered":"Tragedie \u00een Suceava. B\u0103tr\u00e2n de 91 de ani, carbonizat \u00eentr-un incendiu care i-a cuprins locuin\u021ba"},"content":{"rendered":"<p>Tragedia s-a petrecut vineri diminea\u021b\u0103, \u00een localitatea Fr\u0103t\u0103u\u021bii Noi, din jude\u021bul Suceava, iar din primele informa\u021bii <a href=\"https:\/\/www.realitatea.net\/stiri\/actual\/tragedie-in-suceava-o-femeie-de-97-de-ani-a-murit-arsa-de-vie-in-propria-locuinta_67ad9d0cdc0668727c2151b2\" target=\"_blank\">incendiul<\/a> a izbucnit din cazuza unor sc\u00e2ntei care ar fi c\u0103zut din sob\u0103.\u00a0<\/p>\n<p>Pentru stingerea fl\u0103c\u0103rilor care se vedeau de la zeci de metri distan\u021b\u0103, au intervenit militarii Deta\u0219amentului de pompieri R\u0103d\u0103u\u021bi, \u00eempreun\u0103 cu lucr\u0103torii Serviciilor voluntare pentru situa\u021bii de urgen\u021b\u0103 Fr\u0103t\u0103u\u021bii Noi \u0219i Fr\u0103t\u0103u\u021bii Vechi, cu cinci autospeciale de stingere \u0219i o ambulan\u021b\u0103 SMURD.<\/p>\n<p>\u201dLa sosirea echipajelor, ardea generalizat o buc\u0103t\u0103rie de var\u0103, fl\u0103c\u0103rile fiind propagate \u0219i la gospod\u0103ria \u00eenvecinat\u0103, unde s-a aprins acoperi\u0219ul casei de locuit.<\/p>\n<p>Din nefericire, dup\u0103 localizarea fl\u0103c\u0103rilor, pompierii militari au p\u0103truns \u00een interiorul buc\u0103t\u0103riei de var\u0103, unde au identificat o victim\u0103 carbonizat\u0103, respectiv un b\u0103rbat \u00een v\u00e2rst\u0103 de 91 de ani\u201d, au transmis reprezentan\u021bii ISU Suceava.<\/p>\n<p>Proprietarul casei \u00eenvecinate, un b\u0103rbat \u00een v\u00e2rst\u0103 de 72 de ani, a suferit un atac de panic\u0103. Acesta a fost monitorizat medical de c\u0103tre pompierii paramedici SMURD, dar a refuzat transportul la o unitate spitaliceasc\u0103.<\/p>","protected":false},"excerpt":{"rendered":"<p>Tragedia s-a petrecut vineri diminea\u021b\u0103, \u00een localitatea Fr\u0103t\u0103u\u021bii Noi, din jude\u021bul Suceava, iar din primele&hellip;<\/p>\n","protected":false},"author":0,"featured_media":31675,"comment_status":"open","ping_status":"open","sticky":false,"template":"","format":"standard","meta":{"footnotes":""},"categories":[2],"tags":[],"class_list":["post-31674","post","type-post","status-publish","format-standard","has-post-thumbnail","hentry","category-actual"],"_links":{"self":[{"href":"https:\/\/247stiri.ro\/index.php\/wp-json\/wp\/v2\/posts\/31674","targetHints":{"allow":["GET"]}}],"collection":[{"href":"https:\/\/247stiri.ro\/index.php\/wp-json\/wp\/v2\/posts"}],"about":[{"href":"https:\/\/247stiri.ro\/index.php\/wp-json\/wp\/v2\/types\/post"}],"replies":[{"embeddable":true,"href":"https:\/\/247stiri.ro\/index.php\/wp-json\/wp\/v2\/comments?post=31674"}],"version-history":[{"count":0,"href":"https:\/\/247stiri.ro\/index.php\/wp-json\/wp\/v2\/posts\/31674\/revisions"}],"wp:featuredmedia":[{"embeddable":true,"href":"https:\/\/247stiri.ro\/index.php\/wp-json\/wp\/v2\/media\/31675"}],"wp:attachment":[{"href":"https:\/\/247stiri.ro\/index.php\/wp-json\/wp\/v2\/media?parent=31674"}],"wp:term":[{"taxonomy":"category","embeddable":true,"href":"https:\/\/247stiri.ro\/index.php\/wp-json\/wp\/v2\/categories?post=31674"},{"taxonomy":"post_tag","embeddable":true,"href":"https:\/\/247stiri.ro\/index.php\/wp-json\/wp\/v2\/tags?post=31674"}],"curies":[{"name":"wp","href":"https:\/\/api.w.org\/{rel}","templated":true}]}}