{"id":31678,"date":"2025-02-14T09:45:40","date_gmt":"2025-02-14T09:45:40","guid":{"rendered":"https:\/\/247stiri.ro\/index.php\/2025\/02\/14\/locuitorii-dintr-o-comuna-vasluianta-terorizati-de-ursi-un-satean-s-a-trezit-cu-unul-in-curte-ce-pagube-a-produs\/"},"modified":"2025-02-14T09:45:40","modified_gmt":"2025-02-14T09:45:40","slug":"locuitorii-dintr-o-comuna-vasluianta-terorizati-de-ursi-un-satean-s-a-trezit-cu-unul-in-curte-ce-pagube-a-produs","status":"publish","type":"post","link":"https:\/\/247stiri.ro\/index.php\/2025\/02\/14\/locuitorii-dintr-o-comuna-vasluianta-terorizati-de-ursi-un-satean-s-a-trezit-cu-unul-in-curte-ce-pagube-a-produs\/","title":{"rendered":"Locuitorii dintr-o comun\u0103 vasluiant\u0103, teroriza\u021bi de ur\u0219i! Un s\u0103tean s-a trezit cu unul \u00een curte: ce pagube a produs"},"content":{"rendered":"<p>Primarul comunei G\u00e2rceni, Sorin Scutelnicu, a declarat joi, pentru Agerpres, c\u0103 \u0219tia de prezen\u021ba unor ur\u0219i \u00een p\u0103duri din zon\u0103, dar c\u0103 este pentru prima dat\u0103 c\u00e2nd unul a p\u0103truns \u00eentr-o gospod\u0103rie.<\/p>\n<p>&#8222;Este vorba despre un urs care a p\u0103truns \u00eentr-o gospod\u0103rie mai izolat\u0103 din G\u00e2rceni, situat\u0103 \u00een apropierea unei p\u0103duri \u0219i a atacat un porc din cote\u021b, omor\u00e2ndu-l. Animalul a provocat distrugeri \u00eentr-o stupin\u0103 din aceea\u0219i localitate \u0219i \u00een alt\u0103 stupin\u0103 din Dumbr\u0103veni apar\u021bin\u00e2nd aceleia\u0219i persoane. Am anun\u021bat Asocia\u021bia Jude\u021bean\u0103 a V\u00e2n\u0103torilor \u0219i Pescarilor Sportivi, Prefectura \u0219i suntem convin\u0219i c\u0103 vor fi luate toate m\u0103surile. Din ceea ce am \u00een\u021beles, acum fiind iarna aceasta mai bl\u00e2nd\u0103, ur\u0219ii nu mai stau \u00een b\u00e2rlog, nu mai hiberneaz\u0103 \u0219i ies dup\u0103 hran\u0103. \u00cen p\u0103dure nu au ce s\u0103 g\u0103seasc\u0103 \u0219i automat merg dup\u0103 m\u00e2ncare. Nu este cazul s\u0103 ne alarm\u0103m. Oamenii trebuie s\u0103 r\u0103m\u00e2n\u0103 calmi, dar s\u0103 fie totu\u0219i precau\u021bi. Av\u00e2nd \u00een vedere plasarea comunei la limita cu jude\u021bul Bac\u0103u, este posibil s\u0103 mai apar\u0103 ur\u0219i care migreaz\u0103 din anumite zone mai \u00eenalte \u0219i coboar\u0103 spre p\u0103durile din zona noastr\u0103. Vom c\u0103uta s\u0103 gestion\u0103m cum trebuie astfel de situa\u021bii&#8221;, a declarat primarul Sorin Scutelnicu.<\/p>\n<p>Potrivit autorit\u0103\u021bilor, \u00een ultima perioad\u0103 \u00een jude\u021b au existat informa\u021bii care anun\u021bau prezen\u021ba unor ur\u0219i, lucru neobi\u0219nuit pentru zona Vasluiului.<\/p>","protected":false},"excerpt":{"rendered":"<p>Primarul comunei G\u00e2rceni, Sorin Scutelnicu, a declarat joi, pentru Agerpres, c\u0103 \u0219tia de prezen\u021ba unor&hellip;<\/p>\n","protected":false},"author":0,"featured_media":31679,"comment_status":"open","ping_status":"open","sticky":false,"template":"","format":"standard","meta":{"footnotes":""},"categories":[2],"tags":[],"class_list":["post-31678","post","type-post","status-publish","format-standard","has-post-thumbnail","hentry","category-actual"],"_links":{"self":[{"href":"https:\/\/247stiri.ro\/index.php\/wp-json\/wp\/v2\/posts\/31678","targetHints":{"allow":["GET"]}}],"collection":[{"href":"https:\/\/247stiri.ro\/index.php\/wp-json\/wp\/v2\/posts"}],"about":[{"href":"https:\/\/247stiri.ro\/index.php\/wp-json\/wp\/v2\/types\/post"}],"replies":[{"embeddable":true,"href":"https:\/\/247stiri.ro\/index.php\/wp-json\/wp\/v2\/comments?post=31678"}],"version-history":[{"count":0,"href":"https:\/\/247stiri.ro\/index.php\/wp-json\/wp\/v2\/posts\/31678\/revisions"}],"wp:featuredmedia":[{"embeddable":true,"href":"https:\/\/247stiri.ro\/index.php\/wp-json\/wp\/v2\/media\/31679"}],"wp:attachment":[{"href":"https:\/\/247stiri.ro\/index.php\/wp-json\/wp\/v2\/media?parent=31678"}],"wp:term":[{"taxonomy":"category","embeddable":true,"href":"https:\/\/247stiri.ro\/index.php\/wp-json\/wp\/v2\/categories?post=31678"},{"taxonomy":"post_tag","embeddable":true,"href":"https:\/\/247stiri.ro\/index.php\/wp-json\/wp\/v2\/tags?post=31678"}],"curies":[{"name":"wp","href":"https:\/\/api.w.org\/{rel}","templated":true}]}}