{"id":31691,"date":"2025-02-14T10:44:46","date_gmt":"2025-02-14T10:44:46","guid":{"rendered":"https:\/\/247stiri.ro\/index.php\/2025\/02\/14\/cand-este-trecut-sfantul-valentin-in-calendarul-crestin-ortodox-nu-are-nicio-legatura-cu-ziua-indragostitilor-ei-sunt-sfintii-care-sunt-sarbatoriti-de-fapt-pe-14-februarie\/"},"modified":"2025-02-14T10:44:46","modified_gmt":"2025-02-14T10:44:46","slug":"cand-este-trecut-sfantul-valentin-in-calendarul-crestin-ortodox-nu-are-nicio-legatura-cu-ziua-indragostitilor-ei-sunt-sfintii-care-sunt-sarbatoriti-de-fapt-pe-14-februarie","status":"publish","type":"post","link":"https:\/\/247stiri.ro\/index.php\/2025\/02\/14\/cand-este-trecut-sfantul-valentin-in-calendarul-crestin-ortodox-nu-are-nicio-legatura-cu-ziua-indragostitilor-ei-sunt-sfintii-care-sunt-sarbatoriti-de-fapt-pe-14-februarie\/","title":{"rendered":"C\u00e2nd este trecut Sf\u00e2ntul Valentin \u00een calendarul cre\u0219tin ortodox. Nu are nicio leg\u0103tur\u0103 cu Ziua \u00cendr\u0103gosti\u021bilor. Ei sunt sfin\u021bii care sunt s\u0103rb\u0103tori\u021bi, de fapt, pe 14 februarie"},"content":{"rendered":"<p>Valentine&#8217;s Day sau Ziua \u00cendr\u0103gosti\u021bilor este s\u0103rb\u0103torit\u0103 anual, pe data de 14 februarie, zi \u00een care \u00een calendarul catolic este pr\u0103znuit Sf\u00e2ntul Valentin. Dup\u0103 ce tinerii din \u00eentreaga lume au \u00eenceput s\u0103 celebreze Ziua \u00cendr\u0103gosti\u021bilor, f\u0103r\u0103 a avea vreo leg\u0103tur\u0103 cu Biserica Catolic\u0103 \u0219i tradi\u021biile sale, \u00een \u021b\u0103rile cre\u0219tin ortodoxe s-a produs o confuzie \u00een ceea ce prive\u0219te data \u00een care este cinstit Sf\u00e2ntul Valentin.\u00a0<\/p>\n<p>De\u0219i foarte mul\u021bi oameni cred c\u0103 Sf\u00e2ntul Valentin este trecut \u00een calendarul cre\u0219tin ortodox pe data de 14 februarie, ei bine aceast\u0103 informa\u021bie este complet eronat\u0103.<\/p>\n<p>Biserica Ortodox\u0103 a r\u00e2nduit ca Sf\u00e2ntul Valentin s\u0103 fie pr\u0103znuit pe 30 iulie. Acesta este considerat un mucenic din secolul al III-lea, care a tr\u0103it \u00een Roma \u00een perioada \u00eemp\u0103ratului Claudiu al II-lea.<\/p>\n<p>Potrivit tradi\u021biei, Sf\u00e2ntul Valentin a fost arestat \u0219i condamnat la moarte pentru c\u0103 a oficiat c\u0103s\u0103torii pentru tinerii cre\u0219tini, \u00eentr-o perioad\u0103 \u00een care \u00eemp\u0103ratul interzisese c\u0103s\u0103toriile, consider\u00e2nd c\u0103 b\u0103rba\u021bii nec\u0103s\u0103tori\u021bi erau solda\u021bi mai buni. Sf\u00e2ntul este venerat nu doar ca protector al iubirii, ci \u0219i ca un exemplu de curaj \u0219i devotament fa\u021b\u0103 de credin\u021b\u0103.<\/p>\n<p>Ei sunt sfin\u021bii care sunt s\u0103rb\u0103tori\u021bi, de fapt, pe 14 februarie\u00a0<\/p>\n<p>Anual, pe data de 14 februarie, \u00een calendarul ortodox, sunt pr\u0103znui\u021bi Sfin\u021bii Cuvio\u0219i Auxentiu, Maron \u0219i Avraam, trei sfin\u021bi monahi ai Bisericii Ortodoxe, cunoscu\u021bi pentru via\u021ba lor ascetic\u0103 \u0219i contribu\u021bia la r\u0103sp\u00e2ndirea credin\u021bei cre\u0219tine.\u00a0<\/p>\n<p>Sf\u00e2ntul Cuvios Auxentiu a fost un monah care a renun\u021bat la via\u021ba lumeasc\u0103 pentru a tr\u0103i \u00een pustnicie pe Muntele Oxia. Fost ofi\u021ber \u00een armata imperial\u0103, el s-a consacrat rug\u0103ciunii \u0219i postului, devenind cunoscut pentru via\u021ba sa curat\u0103 \u0219i darul facerii de minuni. A fost prezent la Sinodul de la Calcedon din 451 \u0219i a murit \u00een jurul anului 470, l\u0103s\u00e2nd o mo\u0219tenire spiritual\u0103 semnificativ\u0103.<\/p>\n<p>Sf\u00e2ntul Cuvios Maron a fost un pustnic sirian care a \u00eentemeiat Biserica Maronit\u0103. A tr\u0103it o via\u021b\u0103 de ascez\u0103 sever\u0103 \u00een mun\u021bii Siriei, av\u00e2nd darul de a vindeca bolile \u0219i alunga duhurile rele. Dup\u0103 moartea sa, ucenicii au ridicat o m\u0103n\u0103stire \u00een cinstea lui, iar ast\u0103zi este venerat de cre\u0219tinii maroni\u021bi, \u00een special \u00een Liban.<\/p>\n<p>Sf\u00e2ntul Cuvios Avraam a tr\u0103it o via\u021b\u0103 ascetic\u0103 \u00een Siria, dedic\u00e2ndu-se rug\u0103ciunii \u0219i postului. Era cunoscut pentru darurile sale de f\u0103c\u0103tor de minuni \u0219i pentru \u00eenv\u0103\u021b\u0103turile duhovnice\u0219ti. Mul\u021bi veneau la el pentru ajutor spiritual, iar via\u021ba sa r\u0103m\u00e2ne un exemplu de credin\u021b\u0103 \u0219i dedicare lui Dumnezeu.<\/p>","protected":false},"excerpt":{"rendered":"<p>Valentine&#8217;s Day sau Ziua \u00cendr\u0103gosti\u021bilor este s\u0103rb\u0103torit\u0103 anual, pe data de 14 februarie, zi \u00een&hellip;<\/p>\n","protected":false},"author":0,"featured_media":31692,"comment_status":"open","ping_status":"open","sticky":false,"template":"","format":"standard","meta":{"footnotes":""},"categories":[8],"tags":[],"class_list":["post-31691","post","type-post","status-publish","format-standard","has-post-thumbnail","hentry","category-lifestyle"],"_links":{"self":[{"href":"https:\/\/247stiri.ro\/index.php\/wp-json\/wp\/v2\/posts\/31691","targetHints":{"allow":["GET"]}}],"collection":[{"href":"https:\/\/247stiri.ro\/index.php\/wp-json\/wp\/v2\/posts"}],"about":[{"href":"https:\/\/247stiri.ro\/index.php\/wp-json\/wp\/v2\/types\/post"}],"replies":[{"embeddable":true,"href":"https:\/\/247stiri.ro\/index.php\/wp-json\/wp\/v2\/comments?post=31691"}],"version-history":[{"count":0,"href":"https:\/\/247stiri.ro\/index.php\/wp-json\/wp\/v2\/posts\/31691\/revisions"}],"wp:featuredmedia":[{"embeddable":true,"href":"https:\/\/247stiri.ro\/index.php\/wp-json\/wp\/v2\/media\/31692"}],"wp:attachment":[{"href":"https:\/\/247stiri.ro\/index.php\/wp-json\/wp\/v2\/media?parent=31691"}],"wp:term":[{"taxonomy":"category","embeddable":true,"href":"https:\/\/247stiri.ro\/index.php\/wp-json\/wp\/v2\/categories?post=31691"},{"taxonomy":"post_tag","embeddable":true,"href":"https:\/\/247stiri.ro\/index.php\/wp-json\/wp\/v2\/tags?post=31691"}],"curies":[{"name":"wp","href":"https:\/\/api.w.org\/{rel}","templated":true}]}}