{"id":31697,"date":"2025-02-14T10:44:50","date_gmt":"2025-02-14T10:44:50","guid":{"rendered":"https:\/\/247stiri.ro\/index.php\/2025\/02\/14\/liderul-suveranistilor-george-simion-ii-chema-pe-romani-in-strada-acest-guvern-trebuie-sa-plece\/"},"modified":"2025-02-14T10:44:50","modified_gmt":"2025-02-14T10:44:50","slug":"liderul-suveranistilor-george-simion-ii-chema-pe-romani-in-strada-acest-guvern-trebuie-sa-plece","status":"publish","type":"post","link":"https:\/\/247stiri.ro\/index.php\/2025\/02\/14\/liderul-suveranistilor-george-simion-ii-chema-pe-romani-in-strada-acest-guvern-trebuie-sa-plece\/","title":{"rendered":"Liderul suverani\u0219tilor George Simion \u00eei chem\u0103 pe rom\u00e2ni \u00een strad\u0103: &#8222;Acest guvern trebuie s\u0103 plece&#8221;"},"content":{"rendered":"<p>Pre;edintele AUR George Simion a postat vineri un mesaj pe Facebook prin care spune c\u0103 &#8222;acest guvern trebui s\u0103 plece \u0219i s\u0103 revenim la turul al doilea&#8221;.<\/p>\n<p>Totodat\u0103, Simion i-a chemat pe oameni \u00een strad\u0103 pentru a protesta \u0219i pentru a cere reluarea turului 2 al alegerilor preziden\u021biale.\u00a0<\/p>\n\n<p>Postarea a str\u00e2ns \u00een foarte scurt timp peste 2000 de comentarii \u00een care oamenii spun c\u0103 se vor al\u0103tura acestui demers pentru a-\u0219i cere drepturile \u00een strad\u0103, chiar \u00een fa\u021ba Guvernului.\u00a0<\/p>","protected":false},"excerpt":{"rendered":"<p>Pre;edintele AUR George Simion a postat vineri un mesaj pe Facebook prin care spune c\u0103&hellip;<\/p>\n","protected":false},"author":0,"featured_media":31698,"comment_status":"open","ping_status":"open","sticky":false,"template":"","format":"standard","meta":{"footnotes":""},"categories":[3],"tags":[],"class_list":["post-31697","post","type-post","status-publish","format-standard","has-post-thumbnail","hentry","category-politica"],"_links":{"self":[{"href":"https:\/\/247stiri.ro\/index.php\/wp-json\/wp\/v2\/posts\/31697","targetHints":{"allow":["GET"]}}],"collection":[{"href":"https:\/\/247stiri.ro\/index.php\/wp-json\/wp\/v2\/posts"}],"about":[{"href":"https:\/\/247stiri.ro\/index.php\/wp-json\/wp\/v2\/types\/post"}],"replies":[{"embeddable":true,"href":"https:\/\/247stiri.ro\/index.php\/wp-json\/wp\/v2\/comments?post=31697"}],"version-history":[{"count":0,"href":"https:\/\/247stiri.ro\/index.php\/wp-json\/wp\/v2\/posts\/31697\/revisions"}],"wp:featuredmedia":[{"embeddable":true,"href":"https:\/\/247stiri.ro\/index.php\/wp-json\/wp\/v2\/media\/31698"}],"wp:attachment":[{"href":"https:\/\/247stiri.ro\/index.php\/wp-json\/wp\/v2\/media?parent=31697"}],"wp:term":[{"taxonomy":"category","embeddable":true,"href":"https:\/\/247stiri.ro\/index.php\/wp-json\/wp\/v2\/categories?post=31697"},{"taxonomy":"post_tag","embeddable":true,"href":"https:\/\/247stiri.ro\/index.php\/wp-json\/wp\/v2\/tags?post=31697"}],"curies":[{"name":"wp","href":"https:\/\/api.w.org\/{rel}","templated":true}]}}