{"id":31699,"date":"2025-02-14T10:44:50","date_gmt":"2025-02-14T10:44:50","guid":{"rendered":"https:\/\/247stiri.ro\/index.php\/2025\/02\/14\/copila-de-10-ani-trimisa-acasa-de-medici-de-3-ori-intr-o-luna-desi-acuza-dureri-groaznice-de-burta-familia-face-acuzatii-grave\/"},"modified":"2025-02-14T10:44:50","modified_gmt":"2025-02-14T10:44:50","slug":"copila-de-10-ani-trimisa-acasa-de-medici-de-3-ori-intr-o-luna-desi-acuza-dureri-groaznice-de-burta-familia-face-acuzatii-grave","status":"publish","type":"post","link":"https:\/\/247stiri.ro\/index.php\/2025\/02\/14\/copila-de-10-ani-trimisa-acasa-de-medici-de-3-ori-intr-o-luna-desi-acuza-dureri-groaznice-de-burta-familia-face-acuzatii-grave\/","title":{"rendered":"Copil\u0103 de 10 ani, trimis\u0103 acas\u0103 de medici de 3 ori \u00eentr-o lun\u0103, de\u0219i acuza dureri groaznice de burt\u0103! Familia face acuza\u021bii grave"},"content":{"rendered":"<p>Cazul uluitor a fost semnalat de o femeie pe un grup al m\u0103micilor din T\u00e2gu Jiu.<\/p>\n<p>\u201dVreau s\u0103 va povestesc cazul nepoatei mele, care este crescut\u0103 de bunic\u0103. A ajuns \u00eentr-o luna de 3 ori la chirurgie cu dureri de burt\u0103 infernale \u015fi trimis\u0103 acas\u0103 c\u0103 nu are nimic. Ast\u0103zi de diminea\u0163\u0103 ajunse din nou cu dureri groaznice \u015fi fu \u0163inut\u0103 5 ore \u015fi dup\u0103 trimis\u0103 la Craiova cu ma\u015fina personal\u0103. Ajuns\u0103 la Craiova \u015fi operat\u0103 de urgen\u0163\u0103 de peritonit\u0103. Se pare c\u0103 nu s-a \u00eenv\u0103\u0163at nimic din cazul copilului de 16 ani care a murit\u201d, a scris femeia pe Facebook.<\/p>\n<p>La scurt tip spitalul a transmis un punct de vedere pe marginea acestui subiect.<\/p>\n<p>\u201dPacienta B.N.D, \u00een v\u00e2rst\u0103 de 10 ani, s-a prezentat \u00een data de 12.02.2025, la ora 21:03, la Unitatea de Primiri Urgen\u0163e, trimis\u0103 de medicul specialist pediatru, de gard\u0103, pentru consult chirurgical. Pacienta a fost consultat\u0103 \u015fi investigat\u0103 paraclinic ini\u0163ial de c\u0103tre medicul din UPU, solicit\u00e2ndu-se consult chirurgical. Medicul chirurg de gard\u0103 a recomandat internarea, la ora 22:00, cu diagnosticul colic\u0103 apendicular\u0103\u201d, au transmis oficialii Spitalului T\u00e2rgu Jiu.<\/p>\n<p>Potrivit acestora, bunica pacientei, la ora 22:10, a refuzat internarea, fapt consemnat \u00een fi\u015fa UPU.<\/p>\n<p>\u201dDe men\u0163ionat faptul c\u0103, potrivit legisla\u0163iei \u00een vigoare, internarea unui pacient minor poate fi efectuat\u0103 doar cu acordul p\u0103rintelui sau al tutorelui legal. Pacienta \u015fi bunica sa s-au prezentat \u00een diminea\u0163a zilei de 13.02.2025, din nou, la Camera de Gard\u0103 Pediatrie, medicul de gard\u0103 recomand\u00e2nd, \u00eenc\u0103 o dat\u0103, consult chirurgical pentru diagnosticul de apendicit\u0103 \u00een observa\u0163ie. Bunica \u015fi pacienta nu s-au mai prezentat la Unitatea de Primiri Urgen\u0163e\u201d, au mai transmis reprezentan\u0163ii unit\u0103\u0163ii medicale.<\/p>\n<p>Ace\u015ftia adaug\u0103 c\u0103 \u201dmedicii au avut o conduit\u0103 medical\u0103 corect\u0103, iar atacurile nefondate fa\u0163\u0103 de cadrele medicale nu trebuie \u00eencurajate\u201d.<\/p>\n<p>Cu toate acestea, reprezentan\u0163ii spitalului precizeaz\u0103 c\u0103 unitatea nu are linie de gard\u0103 \u00een specialitatea Chirurgie pediatric\u0103. Pentru organizarea unei astfel de linii este nevoie de patru medici angaja\u0163i \u00een specialitate.<\/p>\n<p>\u201dAst\u0103zi a \u00eenceput activitatea \u015fi doamna dr Mainerici, ultimul medic angajat. specialitatea Chirurgie pediatric\u0103\u201d, au mai precizat reprezentan\u0163ii spitalului.<\/p>\n<p>Anul trecut, un b\u0103iat de 16 ani, cu peritonit\u0103, a murit, dup\u0103 ce un medic chirurg de la aceea\u015fi unitate medical\u0103 a refuzat s\u0103-l opereze.<\/p>\n<p>Ulterior, reprezenta\u0163ii Ministerului S\u0103n\u0103t\u0103\u0163ii au clarificat c\u0103 pacien\u0163ii cu v\u00e2rsta peste 16 ani pot fi trata\u0163i \u015fi \u00een spitale de adul\u0163i. Pacien\u0163ii chiar \u015fi de v\u00e2rste mai mici pot fi opera\u0163i de chirurgi care nu au specializare Chirurgie pediatric\u0103, \u00een cazul urgen\u0163elor.<\/p>","protected":false},"excerpt":{"rendered":"<p>Cazul uluitor a fost semnalat de o femeie pe un grup al m\u0103micilor din T\u00e2gu&hellip;<\/p>\n","protected":false},"author":0,"featured_media":31700,"comment_status":"open","ping_status":"open","sticky":false,"template":"","format":"standard","meta":{"footnotes":""},"categories":[2],"tags":[],"class_list":["post-31699","post","type-post","status-publish","format-standard","has-post-thumbnail","hentry","category-actual"],"_links":{"self":[{"href":"https:\/\/247stiri.ro\/index.php\/wp-json\/wp\/v2\/posts\/31699","targetHints":{"allow":["GET"]}}],"collection":[{"href":"https:\/\/247stiri.ro\/index.php\/wp-json\/wp\/v2\/posts"}],"about":[{"href":"https:\/\/247stiri.ro\/index.php\/wp-json\/wp\/v2\/types\/post"}],"replies":[{"embeddable":true,"href":"https:\/\/247stiri.ro\/index.php\/wp-json\/wp\/v2\/comments?post=31699"}],"version-history":[{"count":0,"href":"https:\/\/247stiri.ro\/index.php\/wp-json\/wp\/v2\/posts\/31699\/revisions"}],"wp:featuredmedia":[{"embeddable":true,"href":"https:\/\/247stiri.ro\/index.php\/wp-json\/wp\/v2\/media\/31700"}],"wp:attachment":[{"href":"https:\/\/247stiri.ro\/index.php\/wp-json\/wp\/v2\/media?parent=31699"}],"wp:term":[{"taxonomy":"category","embeddable":true,"href":"https:\/\/247stiri.ro\/index.php\/wp-json\/wp\/v2\/categories?post=31699"},{"taxonomy":"post_tag","embeddable":true,"href":"https:\/\/247stiri.ro\/index.php\/wp-json\/wp\/v2\/tags?post=31699"}],"curies":[{"name":"wp","href":"https:\/\/api.w.org\/{rel}","templated":true}]}}