{"id":31702,"date":"2025-02-14T10:44:51","date_gmt":"2025-02-14T10:44:51","guid":{"rendered":"https:\/\/247stiri.ro\/index.php\/2025\/02\/14\/papa-francisc-in-spital-din-cauza-bronsitei-de-care-sufera-de-o-saptamana\/"},"modified":"2025-02-14T10:44:51","modified_gmt":"2025-02-14T10:44:51","slug":"papa-francisc-in-spital-din-cauza-bronsitei-de-care-sufera-de-o-saptamana","status":"publish","type":"post","link":"https:\/\/247stiri.ro\/index.php\/2025\/02\/14\/papa-francisc-in-spital-din-cauza-bronsitei-de-care-sufera-de-o-saptamana\/","title":{"rendered":"Papa Francisc, \u00een spital din cauza bron\u015fitei de care sufer\u0103 de o s\u0103pt\u0103m\u00e2n\u0103"},"content":{"rendered":"<p>Papa Francisc, \u00een v\u00e2rst\u0103 de 88 de ani, sufer\u0103 de aceast\u0103 bron\u015fit\u0103 de s\u0103pt\u0103m\u00e2na trecut\u0103.<\/p>\n<p>El a fost nevoit s\u0103 renun\u0163e miercuri la citirea catehezei \u00een timpul audien\u0163ei generale s\u0103pt\u0103m\u00e2nale, din cauza dificult\u0103\u0163ii de a respira.<\/p>","protected":false},"excerpt":{"rendered":"<p>Papa Francisc, \u00een v\u00e2rst\u0103 de 88 de ani, sufer\u0103 de aceast\u0103 bron\u015fit\u0103 de s\u0103pt\u0103m\u00e2na trecut\u0103.&hellip;<\/p>\n","protected":false},"author":0,"featured_media":31703,"comment_status":"open","ping_status":"open","sticky":false,"template":"","format":"standard","meta":{"footnotes":""},"categories":[2],"tags":[],"class_list":["post-31702","post","type-post","status-publish","format-standard","has-post-thumbnail","hentry","category-actual"],"_links":{"self":[{"href":"https:\/\/247stiri.ro\/index.php\/wp-json\/wp\/v2\/posts\/31702","targetHints":{"allow":["GET"]}}],"collection":[{"href":"https:\/\/247stiri.ro\/index.php\/wp-json\/wp\/v2\/posts"}],"about":[{"href":"https:\/\/247stiri.ro\/index.php\/wp-json\/wp\/v2\/types\/post"}],"replies":[{"embeddable":true,"href":"https:\/\/247stiri.ro\/index.php\/wp-json\/wp\/v2\/comments?post=31702"}],"version-history":[{"count":0,"href":"https:\/\/247stiri.ro\/index.php\/wp-json\/wp\/v2\/posts\/31702\/revisions"}],"wp:featuredmedia":[{"embeddable":true,"href":"https:\/\/247stiri.ro\/index.php\/wp-json\/wp\/v2\/media\/31703"}],"wp:attachment":[{"href":"https:\/\/247stiri.ro\/index.php\/wp-json\/wp\/v2\/media?parent=31702"}],"wp:term":[{"taxonomy":"category","embeddable":true,"href":"https:\/\/247stiri.ro\/index.php\/wp-json\/wp\/v2\/categories?post=31702"},{"taxonomy":"post_tag","embeddable":true,"href":"https:\/\/247stiri.ro\/index.php\/wp-json\/wp\/v2\/tags?post=31702"}],"curies":[{"name":"wp","href":"https:\/\/api.w.org\/{rel}","templated":true}]}}