{"id":31718,"date":"2025-02-14T11:45:30","date_gmt":"2025-02-14T11:45:30","guid":{"rendered":"https:\/\/247stiri.ro\/index.php\/2025\/02\/14\/incident-ireal-pe-calea-ferata-un-tren-brasov-bucuresti-a-gresit-drumul-si-a-luat-o-spre-buzau\/"},"modified":"2025-02-14T11:45:30","modified_gmt":"2025-02-14T11:45:30","slug":"incident-ireal-pe-calea-ferata-un-tren-brasov-bucuresti-a-gresit-drumul-si-a-luat-o-spre-buzau","status":"publish","type":"post","link":"https:\/\/247stiri.ro\/index.php\/2025\/02\/14\/incident-ireal-pe-calea-ferata-un-tren-brasov-bucuresti-a-gresit-drumul-si-a-luat-o-spre-buzau\/","title":{"rendered":"Incident ireal pe calea ferat\u0103: un tren Bra\u0219ov\u2013Bucure\u0219ti a gre\u0219it drumul \u0219i a luat-o spre Buz\u0103u"},"content":{"rendered":"<p>Din Gara Brazi din Ploie\u0219ti, trenul a plecat spre Gara de Sud, \u00een direc\u021bia Buz\u0103u. CFR C\u0103l\u0103tori a transmis c\u0103 vinovatul ar trebui c\u0103utat la Compania Na\u021bional\u0103 C\u0103i Ferate CFR SA.<\/p>\n<p>\u201dLuni dup\u0103-amiaz\u0103 (n.r. 10 februarie) am mers cu trenul IR 1635. C\u00e2nd a plecat din Gara Brazi, avea deja o \u00eent\u00e2rziere de peste 30 de minute. Din cauza accidentului de la Scrovi\u0219tea. La un moment dat, trenul s-a oprit \u0219i a \u00eenceput s\u0103 mearg\u0103 cu\u2026spatele. Apoi s-a oprit. Apoi iar a mers \u00eenapoi. A f\u0103cut asta de c\u00e2teva ori, pe o distan\u021b\u0103 destul de mare pentru c\u0103 eram aproape de Gara CFR Triaj\u201d, a povestit un ploie\u0219tean care se afla \u00een tren, citat de <a href=\"https:\/\/www.observatorulph.ro\/exclusiv\/2746331-trenul-care-a-gresit-drumul-spre-ploiesti-reactia-cfr-calatori\" target=\"_blank\">Observatorul Prahovean<\/a>.<\/p>\n<p>\u201dIni\u021bial ne-a spus c\u0103 s-a stricat macazul, apoi c\u0103 a fost vorba de o eroare \u0219i c\u0103 trenul a intrat pe o linie gre\u0219it\u0103. Dup\u0103 ce a ajuns din nou \u00een sta\u021bia Brazi, trenul a mai sta\u021bionat minute bune p\u00e2n\u0103 c\u00e2nd a prins verde pentru Gara Ploie\u0219ti Vest\u201d a mai spus cititorul.<\/p>\n<p>\u201dReferitor la circula\u021bia trenului IR 1635 din data de 10 februarie 2025, v\u0103 inform\u0103m c\u0103 situa\u021bia prezentat\u0103 de dumneavoastr\u0103 din sta\u021bia Brazi nu este din vina CFR C\u0103l\u0103tori.<\/p>\n<p>Pentru informa\u021bii corecte \u0219i concrete, v\u0103 rug\u0103m s\u0103 v\u0103 adresa\u021bi managerului infrastructurii feroviare \u2013 CNCF CFR SA (www.cfr.ro), fiind cel care organizeaz\u0103 \u0219i dirijeaz\u0103 circula\u021bia tuturor trenurilor pe calea ferat\u0103, gestioneaz\u0103 inclusiv ac\u021biunile \u00eentreprinse \u00een mod curent dar \u0219i \u00een situa\u0163iile neprev\u0103zute ap\u0103rute \u00een graficul de circula\u0163ie al trenurilor \u015fi dispune m\u0103suri de normalizare a circula\u0163iei\u201d, a fost r\u0103spunsul transmis de CFR C\u0103l\u0103tori jurnali\u0219tilor din Ploie\u0219ti.<\/p>","protected":false},"excerpt":{"rendered":"<p>Din Gara Brazi din Ploie\u0219ti, trenul a plecat spre Gara de Sud, \u00een direc\u021bia Buz\u0103u.&hellip;<\/p>\n","protected":false},"author":0,"featured_media":31714,"comment_status":"open","ping_status":"open","sticky":false,"template":"","format":"standard","meta":{"footnotes":""},"categories":[2],"tags":[],"class_list":["post-31718","post","type-post","status-publish","format-standard","has-post-thumbnail","hentry","category-actual"],"_links":{"self":[{"href":"https:\/\/247stiri.ro\/index.php\/wp-json\/wp\/v2\/posts\/31718","targetHints":{"allow":["GET"]}}],"collection":[{"href":"https:\/\/247stiri.ro\/index.php\/wp-json\/wp\/v2\/posts"}],"about":[{"href":"https:\/\/247stiri.ro\/index.php\/wp-json\/wp\/v2\/types\/post"}],"replies":[{"embeddable":true,"href":"https:\/\/247stiri.ro\/index.php\/wp-json\/wp\/v2\/comments?post=31718"}],"version-history":[{"count":0,"href":"https:\/\/247stiri.ro\/index.php\/wp-json\/wp\/v2\/posts\/31718\/revisions"}],"wp:featuredmedia":[{"embeddable":true,"href":"https:\/\/247stiri.ro\/index.php\/wp-json\/wp\/v2\/media\/31714"}],"wp:attachment":[{"href":"https:\/\/247stiri.ro\/index.php\/wp-json\/wp\/v2\/media?parent=31718"}],"wp:term":[{"taxonomy":"category","embeddable":true,"href":"https:\/\/247stiri.ro\/index.php\/wp-json\/wp\/v2\/categories?post=31718"},{"taxonomy":"post_tag","embeddable":true,"href":"https:\/\/247stiri.ro\/index.php\/wp-json\/wp\/v2\/tags?post=31718"}],"curies":[{"name":"wp","href":"https:\/\/api.w.org\/{rel}","templated":true}]}}