{"id":31719,"date":"2025-02-14T11:45:30","date_gmt":"2025-02-14T11:45:30","guid":{"rendered":"https:\/\/247stiri.ro\/index.php\/2025\/02\/14\/a-atacat-o-familie-cu-ranga-in-propria-locuinta-apoi-a-furat-bani-bijuterii-si-un-autoturism-cu-ce-pedeapsa-s-a-ales-barbatul\/"},"modified":"2025-02-14T11:45:30","modified_gmt":"2025-02-14T11:45:30","slug":"a-atacat-o-familie-cu-ranga-in-propria-locuinta-apoi-a-furat-bani-bijuterii-si-un-autoturism-cu-ce-pedeapsa-s-a-ales-barbatul","status":"publish","type":"post","link":"https:\/\/247stiri.ro\/index.php\/2025\/02\/14\/a-atacat-o-familie-cu-ranga-in-propria-locuinta-apoi-a-furat-bani-bijuterii-si-un-autoturism-cu-ce-pedeapsa-s-a-ales-barbatul\/","title":{"rendered":"A atacat o familie cu ranga \u00een propria locuin\u0163\u0103, apoi a furat bani, bijuterii \u015fi un autoturism. Cu ce pedeaps\u0103 s-a ales b\u0103rbatul"},"content":{"rendered":"<p>\u201dLa data de 15.10.2024, \u00een jurul orelor 09:20, numitul B.G. \u00eempreun\u0103 cu o persoan\u0103 necunoscut\u0103, av\u00e2nd cagule pe fa\u0163\u0103 \u015fi m\u0103nu\u015fi pe m\u00e2ini, au p\u0103truns \u00een imobilul situat \u00een com. Z\u0103rand, sat Cintei, jud. Arad, unde, prin violen\u0163e aplicate persoanelor v\u0103t\u0103mate S.L. \u015fi S.F.I., respectiv lovituri aplicate la nivelul fe\u0163ei \u015fi a corpului cu pumnii \u015fi cu o rang\u0103 ce o aveau asupra lor, precum \u015fi prin folosirea de spray iritant lacrimogen, le-au deposedat pe acestea de suma de 3.500 de lei, cantitatea de aproximativ 100 \u2013 120 \u00a0grame de aur \u00een bijuterii \u015fi cheia autoturismului marca BMW\u201d, a transmis Parchetul de pe l\u00e2ng\u0103 Judec\u0103toria Chi\u015fineu-Cri\u015f, vineri, \u00eentr-un comunicat de pres\u0103.<\/p>\n<p>Potrivit sursei citate, cei doi atacatori \u201dau imobilizat-o pe S.L. prin legarea m\u00e2inilor \u015fi a picioarelor cu o sfoar\u0103 \u015fi au \u00eenchis-o \u00een c\u0103mara imobilului. Ulterior \u015fi-au asigurat sc\u0103parea prin sustragerea autoturismului marca BMW\u201d.<\/p>","protected":false},"excerpt":{"rendered":"<p>\u201dLa data de 15.10.2024, \u00een jurul orelor 09:20, numitul B.G. \u00eempreun\u0103 cu o persoan\u0103 necunoscut\u0103,&hellip;<\/p>\n","protected":false},"author":0,"featured_media":31720,"comment_status":"open","ping_status":"open","sticky":false,"template":"","format":"standard","meta":{"footnotes":""},"categories":[2],"tags":[],"class_list":["post-31719","post","type-post","status-publish","format-standard","has-post-thumbnail","hentry","category-actual"],"_links":{"self":[{"href":"https:\/\/247stiri.ro\/index.php\/wp-json\/wp\/v2\/posts\/31719","targetHints":{"allow":["GET"]}}],"collection":[{"href":"https:\/\/247stiri.ro\/index.php\/wp-json\/wp\/v2\/posts"}],"about":[{"href":"https:\/\/247stiri.ro\/index.php\/wp-json\/wp\/v2\/types\/post"}],"replies":[{"embeddable":true,"href":"https:\/\/247stiri.ro\/index.php\/wp-json\/wp\/v2\/comments?post=31719"}],"version-history":[{"count":0,"href":"https:\/\/247stiri.ro\/index.php\/wp-json\/wp\/v2\/posts\/31719\/revisions"}],"wp:featuredmedia":[{"embeddable":true,"href":"https:\/\/247stiri.ro\/index.php\/wp-json\/wp\/v2\/media\/31720"}],"wp:attachment":[{"href":"https:\/\/247stiri.ro\/index.php\/wp-json\/wp\/v2\/media?parent=31719"}],"wp:term":[{"taxonomy":"category","embeddable":true,"href":"https:\/\/247stiri.ro\/index.php\/wp-json\/wp\/v2\/categories?post=31719"},{"taxonomy":"post_tag","embeddable":true,"href":"https:\/\/247stiri.ro\/index.php\/wp-json\/wp\/v2\/tags?post=31719"}],"curies":[{"name":"wp","href":"https:\/\/api.w.org\/{rel}","templated":true}]}}