{"id":31766,"date":"2025-02-14T14:45:11","date_gmt":"2025-02-14T14:45:11","guid":{"rendered":"https:\/\/247stiri.ro\/index.php\/2025\/02\/14\/cum-a-reactionat-mircea-cartarescu-dupa-ce-mai-avea-nevoie-doar-de-un-vot-ca-sa-devina-membru-al-academiei-romane\/"},"modified":"2025-02-14T14:45:11","modified_gmt":"2025-02-14T14:45:11","slug":"cum-a-reactionat-mircea-cartarescu-dupa-ce-mai-avea-nevoie-doar-de-un-vot-ca-sa-devina-membru-al-academiei-romane","status":"publish","type":"post","link":"https:\/\/247stiri.ro\/index.php\/2025\/02\/14\/cum-a-reactionat-mircea-cartarescu-dupa-ce-mai-avea-nevoie-doar-de-un-vot-ca-sa-devina-membru-al-academiei-romane\/","title":{"rendered":"Cum a reac\u021bionat Mircea C\u0103rt\u0103rescu dup\u0103 ce mai avea nevoie doar de un vot ca s\u0103 devin\u0103 membru al Academiei Rom\u00e2ne"},"content":{"rendered":"<p>Amintim c\u0103 scriitorul nu a primit calitatea de membru corespondent al Academiei Rom\u00e2ne de\u015fi sec\u0163ia de Filologie a forului \u00eel propusese cu unanimitate de voturi.\u00a0Pentru a fi admis \u00eei mai trebuia un singur vot. C\u0103rt\u0103rescu trebuia s\u0103 ob\u021bin\u0103 74 de voturi ca s\u0103 aib\u0103 dou\u0103 treimi din num\u0103rul votan\u021bilor, dar a ob\u021binut numai 73.<\/p>\n<p>\u201e\u00cen ultimele zile am fost cople\u0219it de c\u0103ldura \u0219i solidaritatea lumii noastre culturale fa\u021b\u0103 de mine. Vreau s\u0103 mul\u021bumesc aici, cu toat\u0103 gratitudinea, tuturor celor care, din Academia rom\u00e2n\u0103, din pres\u0103 \u0219i de pe re\u021belele sociale, mi-au fost zilele acesta al\u0103turi\u201d, a precizat\u00a0scriitorul Mircea C\u0103rt\u0103rescu, pe pagina sa de Facebook.<\/p>\n<p>Este a doua neprimire \u00een Academia Rom\u00e2n\u0103, dup\u0103 cea din 2023, neprimind voturile necesare.<\/p>\n\n<p>Rom\u00e2nii i-au trimis sute de mesaje de sus\u021binere. \u201eMircea C\u0103rt\u0103rescu &#8211; scriitorul rom\u00e2n contemporan cu cea mai mare notorietate na\u021bional\u0103 \u0219i interna\u021bional\u0103. Academia Rom\u00e2n\u0103 trebuie s\u0103 \u00eenceap\u0103 cu Mircea C\u0103rt\u0103rescu\u201d, spune o persoan\u0103, pe Facebook, \u00een timp ce alta comenteaz\u0103 c\u0103: \u201eAbia a\u0219tept ziua \u00een care vor vota, totu\u0219i, admiterea dvs \u00een Academie \u0219i o ve\u021bi refuza\u201d.\u00a0<\/p>\n<p>O persoan\u0103 \u00eel sf\u0103tuie\u0219te s\u0103 dep\u0103\u0219easc\u0103 cu umor acest moment: \u201eUn scriitor cu recunoa\u0219tere interna\u021bional\u0103 nu are loc \u00een Academie, ba i se \u0219i aplic\u0103 tot felul de corec\u021bii, admonest\u0103ri, tertipuri, doar, doar s\u0103 nu se contamineze valoric rezerva\u021bia &#8222;nemuritorilor&#8221; pe puncte ideologice. Au avut ocazia s\u0103 c\u00e2\u0219tige, s\u0103 refac\u0103 m\u0103car din deficitul de imagine, dar, ca de obicei, au plonjat \u00een ridicol. S\u0103 dep\u0103\u0219i\u021bi cu umor momentul penibil!\u201d.<\/p>\n<p>Nu au lipsit nici cuvintele celor din breasla literaturii, cum este poeta Ana Blandiana, o voce foarte important\u0103 \u0219i membru corespondent al Academiei Rom\u00e2ne. Aceasta a avut o declara\u021bie dur\u0103 \u00een urma respingerii candidaturii lui Mircea C\u0103rt\u0103rescu \u00een Academia Rom\u00e2n\u0103.<\/p>\n<p>\u201eDup\u0103 ce candidatura lui Mircea C\u0103rt\u0103rescu la intrarea \u00een Academia Rom\u00e2n\u0103 a fost votat\u0103 \u00een unanimitate de sec\u021bia de literatura-filologie, un apel calomnios, violent \u0219i plin de ur\u0103 \u2013 care pleda pentru respingerea scriitorului \u0219i a avut \u00een cele din urm\u0103 c\u00e2\u0219tig de cauz\u0103 \u2013 a fost distribuit tuturor membrilor Academiei din restul sec\u021biilor\u201d, a scris poeta, pe Facebook.<\/p>","protected":false},"excerpt":{"rendered":"<p>Amintim c\u0103 scriitorul nu a primit calitatea de membru corespondent al Academiei Rom\u00e2ne de\u015fi sec\u0163ia&hellip;<\/p>\n","protected":false},"author":0,"featured_media":31767,"comment_status":"open","ping_status":"open","sticky":false,"template":"","format":"standard","meta":{"footnotes":""},"categories":[2],"tags":[],"class_list":["post-31766","post","type-post","status-publish","format-standard","has-post-thumbnail","hentry","category-actual"],"_links":{"self":[{"href":"https:\/\/247stiri.ro\/index.php\/wp-json\/wp\/v2\/posts\/31766","targetHints":{"allow":["GET"]}}],"collection":[{"href":"https:\/\/247stiri.ro\/index.php\/wp-json\/wp\/v2\/posts"}],"about":[{"href":"https:\/\/247stiri.ro\/index.php\/wp-json\/wp\/v2\/types\/post"}],"replies":[{"embeddable":true,"href":"https:\/\/247stiri.ro\/index.php\/wp-json\/wp\/v2\/comments?post=31766"}],"version-history":[{"count":0,"href":"https:\/\/247stiri.ro\/index.php\/wp-json\/wp\/v2\/posts\/31766\/revisions"}],"wp:featuredmedia":[{"embeddable":true,"href":"https:\/\/247stiri.ro\/index.php\/wp-json\/wp\/v2\/media\/31767"}],"wp:attachment":[{"href":"https:\/\/247stiri.ro\/index.php\/wp-json\/wp\/v2\/media?parent=31766"}],"wp:term":[{"taxonomy":"category","embeddable":true,"href":"https:\/\/247stiri.ro\/index.php\/wp-json\/wp\/v2\/categories?post=31766"},{"taxonomy":"post_tag","embeddable":true,"href":"https:\/\/247stiri.ro\/index.php\/wp-json\/wp\/v2\/tags?post=31766"}],"curies":[{"name":"wp","href":"https:\/\/api.w.org\/{rel}","templated":true}]}}