{"id":31809,"date":"2025-02-14T16:46:44","date_gmt":"2025-02-14T16:46:44","guid":{"rendered":"https:\/\/247stiri.ro\/index.php\/2025\/02\/14\/prima-reactie-de-la-cotroceni-la-acuzatiile-aduse-de-vicepresedintele-sua-la-adresa-alegerilor-prezidentiale-din-romania\/"},"modified":"2025-02-14T16:46:44","modified_gmt":"2025-02-14T16:46:44","slug":"prima-reactie-de-la-cotroceni-la-acuzatiile-aduse-de-vicepresedintele-sua-la-adresa-alegerilor-prezidentiale-din-romania","status":"publish","type":"post","link":"https:\/\/247stiri.ro\/index.php\/2025\/02\/14\/prima-reactie-de-la-cotroceni-la-acuzatiile-aduse-de-vicepresedintele-sua-la-adresa-alegerilor-prezidentiale-din-romania\/","title":{"rendered":"Prima reac\u021bie de la Cotroceni la acuza\u021biile aduse de vicepre\u0219edintele SUA la adresa alegerilor preziden\u021biale din Rom\u00e2nia"},"content":{"rendered":"<p>Pre\u015fedintele interimar, Ilie Bolojan, a afirmat, vineri, c\u0103 Rom\u00e2nia \u201dr\u0103m\u00e2ne un aliat de \u00eencredere, ferm angajat \u00een favoarea unei Uniuni Europene coezive, a unei NATO mai puternice \u015fi a unui Parteneriat Transatlantic solid\u201d.<\/p>\n<p>\u201d\u00cen calitate de pre\u015fedinte interimar al Rom\u00e2niei, reasigur to\u0163i partenerii \u015fi alia\u0163ii c\u0103 \u0163ara noastr\u0103 r\u0103m\u00e2ne un aliat de \u00eencredere, ferm angajat \u00een favoarea unei Uniuni Europene coezive, a unei NATO mai puternice \u015fi a unui Parteneriat Transatlantic solid\u201d, a transmis Ilie Bolojan.<\/p>","protected":false},"excerpt":{"rendered":"<p>Pre\u015fedintele interimar, Ilie Bolojan, a afirmat, vineri, c\u0103 Rom\u00e2nia \u201dr\u0103m\u00e2ne un aliat de \u00eencredere, ferm&hellip;<\/p>\n","protected":false},"author":0,"featured_media":31806,"comment_status":"open","ping_status":"open","sticky":false,"template":"","format":"standard","meta":{"footnotes":""},"categories":[2],"tags":[],"class_list":["post-31809","post","type-post","status-publish","format-standard","has-post-thumbnail","hentry","category-actual"],"_links":{"self":[{"href":"https:\/\/247stiri.ro\/index.php\/wp-json\/wp\/v2\/posts\/31809","targetHints":{"allow":["GET"]}}],"collection":[{"href":"https:\/\/247stiri.ro\/index.php\/wp-json\/wp\/v2\/posts"}],"about":[{"href":"https:\/\/247stiri.ro\/index.php\/wp-json\/wp\/v2\/types\/post"}],"replies":[{"embeddable":true,"href":"https:\/\/247stiri.ro\/index.php\/wp-json\/wp\/v2\/comments?post=31809"}],"version-history":[{"count":0,"href":"https:\/\/247stiri.ro\/index.php\/wp-json\/wp\/v2\/posts\/31809\/revisions"}],"wp:featuredmedia":[{"embeddable":true,"href":"https:\/\/247stiri.ro\/index.php\/wp-json\/wp\/v2\/media\/31806"}],"wp:attachment":[{"href":"https:\/\/247stiri.ro\/index.php\/wp-json\/wp\/v2\/media?parent=31809"}],"wp:term":[{"taxonomy":"category","embeddable":true,"href":"https:\/\/247stiri.ro\/index.php\/wp-json\/wp\/v2\/categories?post=31809"},{"taxonomy":"post_tag","embeddable":true,"href":"https:\/\/247stiri.ro\/index.php\/wp-json\/wp\/v2\/tags?post=31809"}],"curies":[{"name":"wp","href":"https:\/\/api.w.org\/{rel}","templated":true}]}}