{"id":31812,"date":"2025-02-14T16:46:44","date_gmt":"2025-02-14T16:46:44","guid":{"rendered":"https:\/\/247stiri.ro\/index.php\/2025\/02\/14\/o-sala-de-sport-moderna-din-gorj-e-folosita-de-primarie-pentru-chefuri-cu-dans-pe-masa-elevii-nici-nu-apuca-sa-o-foloseasca\/"},"modified":"2025-02-14T16:46:44","modified_gmt":"2025-02-14T16:46:44","slug":"o-sala-de-sport-moderna-din-gorj-e-folosita-de-primarie-pentru-chefuri-cu-dans-pe-masa-elevii-nici-nu-apuca-sa-o-foloseasca","status":"publish","type":"post","link":"https:\/\/247stiri.ro\/index.php\/2025\/02\/14\/o-sala-de-sport-moderna-din-gorj-e-folosita-de-primarie-pentru-chefuri-cu-dans-pe-masa-elevii-nici-nu-apuca-sa-o-foloseasca\/","title":{"rendered":"O sal\u0103 de sport modern\u0103 din Gorj e folosit\u0103 de prim\u0103rie pentru chefuri cu dans pe mas\u0103. Elevii nici nu apuc\u0103 s\u0103 o foloseasc\u0103"},"content":{"rendered":"<p>Sala de sport a fost deschis\u0103 anul trecut, av\u00e2nd un cost de peste 350.000 de euro, dar este utilizat\u0103 foarte rar de copii, deoarece nu se afl\u0103 \u00een apropierea \u0219colii \u0219i numai drumul dus-\u00eentors spre incint\u0103 ar lua deja mare parte din timpul fizic destinat orei de sport.<\/p>\n<p>Imaginile postate pe re\u021belele de socializare \u00eei arat\u0103 pe doi b\u0103rba\u021bi care danseaz\u0103 pe o mas\u0103, unul dintre ei fiind un angajat al Prim\u0103riei Dr\u0103gote\u0219ti, fost consilier personal al primarului Vili Pas\u0103re. \u00cen mod surprinz\u0103tor, primarul afirm\u0103 c\u0103 masa pe care angajatul a dansat ar fi fost achizi\u021bionat\u0103 chiar de acesta. De asemenea, el men\u021bioneaz\u0103 c\u0103 a primit demisia angajatului, dar a decis s\u0103 o resping\u0103, argument\u00e2nd c\u0103 \u00een condi\u021biile actuale nu ar putea angaja pe nimeni altcineva pentru postul vacant \u0219i c\u0103 nu consider\u0103 comportamentul at\u00e2t de grav.<\/p>\n\n<p>\u201eAceast\u0103 mas\u0103 \u00eei apar\u021bine dumnealui. E un salariat care nu are un venit mai mare de 2.500 de lei, dar care a f\u0103cut ceea ce pu\u021bini oameni sau chiar niciunul nu au f\u0103cut un asemenea gest pentru prim\u0103rie. Dac\u0103 e masa lui eu, cred c\u0103 a vrut s\u0103 demonstreze c\u0103 a luat un lucru de calitate. De unde s\u0103 \u0219tiu eu ce se \u00eent\u00e2mpla la ora 11 sau 12, c\u00e2t o fi fost ceasul atunci. Masa doar a pus-o la \u00eencercare. El e un tip u\u0219or \u0219i se poate vedea u\u0219or c\u0103 masa e \u00een stare foarte bun\u0103. Func\u021bioneaz\u0103 \u0219i acum, m\u0103 \u0219i simt dator s\u0103 i-o dau acas\u0103. Din ce \u0219tiu eu alte situa\u021bii de acest gen nu am mai avut aici\u201d, a explicat primarul Vili Pas\u0103re presei <a href=\"https:\/\/www.gorjeanul.ro\/chef-in-sala-de-sport-ore-de-sport-nu\/\" target=\"_blank\">locale<\/a>.<\/p>\n<p><a title=\"Primar - arestat pentru coruptie si spalare de bani. Se afla la carma primariei de mai bine de 10 ani\" href=\"https:\/\/www.realitatea.net\/stiri\/justitie\/primar-arestat-pentru-coruptie-si-spalare-de-bani-se-afla-la-carma-primariei-de-mai-bine-de-10-ani_67aa5fc4d64f3c28db7a2352\">Primar &#8211; arestat pentru corup\u021bie \u0219i sp\u0103lare de bani. Se afla la c\u00e2rma prim\u0103riei de mai bine de 10 ani<\/a><\/p>\n<p>Cazul a st\u00e2rnit numeroase comentarii \u00een comunitate, iar un consilier local sus\u021bine c\u0103\u00a0\u201eperiodic se \u00eent\u00e2mpl\u0103 asemenea paranghelii\u201d.\u00a0\u00a0\u201eMasa pe care dansa acel angajat al prim\u0103riei, fost consilier personal al primarului, este masa la care se desf\u0103\u0219oar\u0103 \u0219edin\u021bele Consiliului Local. Pe mas\u0103, la picioarele lui, \u00een timp ce juca acolo, se vede steagul Rom\u00e2niei, ceea ce mi se pare o infrac\u021biune. E o practic\u0103 obi\u0219nuit\u0103 din ceea ce am \u00een\u021beles. Treaba asta, c\u0103 el a cump\u0103rat masa \u0219i c\u0103 trebuie s\u0103 \u0219i-o ia acas\u0103 e o glum\u0103 bun\u0103. Dac\u0103 nu ar fi mesele la care se \u021bin \u0219edin\u021bele de Consiliu Local nu ar fi acolo steagul Rom\u00e2niei \u0219i al Uniunii Europene\u201d,\u00a0spune consilierul local Costel Persu, \u00eentr-o\u00a0<a href=\"https:\/\/www.facebook.com\/costel.persu\/posts\/pfbid02vDMMsaf7CFQZL2o9Ug49ZeYHiKH9pMyzJ5WZX7iiu3A9Kk826Tca3DshGVhDykQbl\">postare pe FB.<\/a><\/p>\n<p>\u201eCopiii no\u0219tri merg prin mocirl\u0103 la wc, \u00een fundul cur\u021bii, transpira\u021bi din sala de clas\u0103. La sala de sport merg centralele zi lumin\u0103, iar \u0219colile de multe ori nu au lemne\u201d, sus\u021bine, revoltat\u0103, o mam\u0103.\u00a0<\/p>\n<p>\u201eTrebuie desfacerea contractului de munc\u0103, a\u0219tept\u0103m r\u0103spunsuri din partea domnului primar\u201d, a comentat un alt localnic.<\/p>\n<p>\u201eToat\u0103 iarna s-a b\u0103ut \u0219i jucat poker pe bani \u00een sala de sport\u201d, a spus o alt\u0103 persoan\u0103.<\/p>\n<p>\u201e\u00cen loc s\u0103 fac\u0103 \u0219colarii sport , se fac chefuri\u201d,\u00a0a ad\u0103ugat un localnic.<\/p>\n<p><a title=\"Caz halucinant in Gorj. Tanar de 22 de ani, sechestrat de propriii parinti intr-o cusca si hranit in lanturi \" href=\"https:\/\/www.realitatea.net\/stiri\/actual\/caz-halucinant-in-gorj-tanar-de-22-de-ani-sechestrat-de-proprii-parinti-intro-cusca-si-hranit-in-lanturi_67aefda73b156329f45cb7cf\">Caz halucinant \u00een Gorj. T\u00e2n\u0103r de 22 de ani, sechestrat de propriii p\u0103rin\u021bi \u00eentr-o cu\u0219c\u0103 \u0219i hr\u0103nit \u00een lan\u021buri<\/a><\/p>","protected":false},"excerpt":{"rendered":"<p>Sala de sport a fost deschis\u0103 anul trecut, av\u00e2nd un cost de peste 350.000 de&hellip;<\/p>\n","protected":false},"author":0,"featured_media":31813,"comment_status":"open","ping_status":"open","sticky":false,"template":"","format":"standard","meta":{"footnotes":""},"categories":[2],"tags":[],"class_list":["post-31812","post","type-post","status-publish","format-standard","has-post-thumbnail","hentry","category-actual"],"_links":{"self":[{"href":"https:\/\/247stiri.ro\/index.php\/wp-json\/wp\/v2\/posts\/31812","targetHints":{"allow":["GET"]}}],"collection":[{"href":"https:\/\/247stiri.ro\/index.php\/wp-json\/wp\/v2\/posts"}],"about":[{"href":"https:\/\/247stiri.ro\/index.php\/wp-json\/wp\/v2\/types\/post"}],"replies":[{"embeddable":true,"href":"https:\/\/247stiri.ro\/index.php\/wp-json\/wp\/v2\/comments?post=31812"}],"version-history":[{"count":0,"href":"https:\/\/247stiri.ro\/index.php\/wp-json\/wp\/v2\/posts\/31812\/revisions"}],"wp:featuredmedia":[{"embeddable":true,"href":"https:\/\/247stiri.ro\/index.php\/wp-json\/wp\/v2\/media\/31813"}],"wp:attachment":[{"href":"https:\/\/247stiri.ro\/index.php\/wp-json\/wp\/v2\/media?parent=31812"}],"wp:term":[{"taxonomy":"category","embeddable":true,"href":"https:\/\/247stiri.ro\/index.php\/wp-json\/wp\/v2\/categories?post=31812"},{"taxonomy":"post_tag","embeddable":true,"href":"https:\/\/247stiri.ro\/index.php\/wp-json\/wp\/v2\/tags?post=31812"}],"curies":[{"name":"wp","href":"https:\/\/api.w.org\/{rel}","templated":true}]}}