{"id":31824,"date":"2025-02-14T17:46:10","date_gmt":"2025-02-14T17:46:10","guid":{"rendered":"https:\/\/247stiri.ro\/index.php\/2025\/02\/14\/george-simion-liderul-suveranistilor-romani-reactie-la-acuzatiile-lui-jd-vance-acceptam-oferta-administratie-trump-video\/"},"modified":"2025-02-14T17:46:10","modified_gmt":"2025-02-14T17:46:10","slug":"george-simion-liderul-suveranistilor-romani-reactie-la-acuzatiile-lui-jd-vance-acceptam-oferta-administratie-trump-video","status":"publish","type":"post","link":"https:\/\/247stiri.ro\/index.php\/2025\/02\/14\/george-simion-liderul-suveranistilor-romani-reactie-la-acuzatiile-lui-jd-vance-acceptam-oferta-administratie-trump-video\/","title":{"rendered":"George Simion, liderul suverani\u0219tilor rom\u00e2ni, reac\u021bie la acuza\u021biile lui JD Vance: \u201eAccept\u0103m oferta Administra\u021bie Trump!\u201d VIDEO"},"content":{"rendered":"<p>\u201dAccept\u0103m oferta Administra\u0163iei Trump de a apar\u0163ine unei lumi libere, \u00een care libera exprimare s\u0103 primeze, \u00een care cenzura s\u0103 fie abolit\u0103, \u00een care s\u0103 revenim la un bun sim\u0163 \u015fi la o normalitate\u201d.<\/p>\n<p>Simion s-a referit la mo\u0163iunea de cenzur\u0103 care ar trebui s\u0103 treac\u0103 pentru a d\u0103r\u00e2ma Guvernul Ciolacu \u015fi sus\u0163ine c\u0103 \u201dAUR va ajunge la guvernare\u201d, iar alegerile se vor relua, \u00eencep\u00e2nd cu turul al doilea.<\/p>\n<p>\u201dAm ascultat discursul de la Munich Security Conference al vicepre\u015fedintelui american J.D. Vance, un om la 40 de ani, un om t\u00e2n\u0103r, care prive\u015fte c\u0103tre viitor \u015fi un om care a exprimat exact opiniile pe care noi le promov\u0103m \u015fi le sus\u0163inem, nu doar legat de Rom\u00e2nia \u015fi de anularea abuziv\u0103 a alegerilor, ci legat de lumea liber\u0103. Accept\u0103m oferta Administra\u0163iei Trump de a apar\u0163ine unei lumi libere, \u00een care libera exprimare s\u0103 primeze, \u00een care cenzura s\u0103 fie abolit\u0103, \u00een care s\u0103 revenim la un bun sim\u0163 \u015fi la o normalitate, care a lipsit \u00een ultimii 10-15 ani din valorile civiliza\u0163iei noastre\u201d, a transmis, vineri, George Simion.<\/p>\n<p>Pre\u015fedintele AUR afirm\u0103 c\u0103 forma\u0163iunea va ajunge la guvernare.<\/p>\n<p>\u201dAm \u00eencrederea c\u0103 AUR va ajunge la guvernare \u015fi c\u0103 vom reu\u015fi s\u0103 punem Rom\u00e2nia pe primul loc. Am \u00eencredere c\u0103 alegerile din Rom\u00e2nia se vor relua, a\u015fa cum este firesc, \u00eencep\u00e2nd cu turul II. Este important ca mo\u0163iunea de cenzur\u0103 ini\u0163iat\u0103 de AUR s\u0103 ajung\u0103 la vot \u015fi s\u0103 ob\u0163in\u0103 un num\u0103r mare de voturi din partea tuturor parlamentarilor. Dezavuez felul \u00een care Elena Lasconi \u015fi C\u0103t\u0103lin Drul\u0103 au avut pozi\u0163ii contrare ideii de a sc\u0103pa de premierul Nordis, de Marcel Ciolacu, de toat\u0103 corup\u0163ia si de o guvernare care nu are sus\u0163inere popular\u0103 \u015fi care a fost pus\u0103 acolo de Klaus Iohannis, \u00eempotriva voin\u0163ei poporului rom\u00e2n\u201d, a, mai transmis Simion.<\/p>\n<p>Acesta anun\u0163\u0103 c\u0103 va parcurge, \u00een zilele urm\u0103toare, un turneu, de la Munchen, la Londra, la Washington DC.<\/p>\n<p>\u201dVoi participa la CPAC. Acolo vor fi \u015fi Marco Rubio, \u015fi J.D. Vance, \u015fi Richard Grenell, \u015fi pre\u015fedintele Donald Trump. Sper din suflet ca eforturile noastre pentru a reveni la cursul democratic, la cursul constitu\u0163ional, pentru a reveni la normalitate, s\u0103 ajung\u0103 la c\u00e2t mai mul\u0163i sus\u0163in\u0103tori \u015fi \u00een Parlamentul Rom\u00e2niei. Sper c\u0103 USR nu o s\u0103 fie, \u00een majoritatea lui, de partea puciului \u015fi de partea loviturii de stat care s-a dat \u00een Rom\u00e2nia \u015fi c\u0103 membrii USR \u015fi POT \u00ee\u015fi vor pune \u015fi ei semn\u0103tura pe mo\u0163iunea de cenzur\u0103. Avem r\u0103bdare \u015fi avem r\u0103bdare s\u0103 explic\u0103m tuturor \u015fi s\u0103 dialog\u0103m cu to\u0163i pentru c\u0103 trebuie s\u0103 ajungem la normalitate\u201d, a mai transmis Simion.<\/p>\n<p>De asemenea, Simion sus\u0163ine c\u0103 trebuie s\u0103 plece Marcel Ciolacu.<\/p>\n<p>\u201dVom organiza \u00een perioada urm\u0103toare, de la peti\u0163ii la mitinguri, tot instrumentarul necesar, democratic, pa\u015fnic, pentru a pune poporul rom\u00e2n \u015fi voin\u0163a sa pe primul loc. V\u0103 rog s\u0103 fi\u0163i al\u0103turi de noi \u015fi v\u0103 rog pe fiecare dintre voi care vre\u0163i s\u0103 fi\u0163i parte a scrierii istoriei \u015fi a for\u0163ei care va restabili dreptatea pentru poporul rom\u00e2n s\u0103 intra\u0163i \u00een AUR\u201d, a mai transmis liderul AUR.<\/p>\n<p>Noul vicepre\u015fedinte american J.D. Vance a dat, vineri, 14 februarie, anularea alegerilor preziden\u0163iale \u00een Rom\u00e2nia drept cel mai bun exemplu al \u201damenin\u0163\u0103rii din interior, retragerii Europei din cele mai fundamentale valori ale sale\u201d.<\/p>\n<p>\u201dAm fost \u015focat ca un fost comisar european s\u0103 apar\u0103 la televizor recent \u015fi s\u0103 par\u0103 \u00eenc\u00e2ntat c\u0103 Guvernul Rom\u00e2niei a anulat un \u00eentreg scrutin\u201d, a declarat Vance.<\/p>\n<p>Documente declasificate de c\u0103tre Consiliul Na\u0163ional de Ap\u0103rare a \u0162\u0103rii (CSAT) \u00eenainte de anularea alegerilor ar\u0103tau c\u0103 Rom\u00e2nia a fost \u0163inta unor \u201datacuri ruse\u015fti hibride agresive\u201d \u00een perioada scrutinului.<\/p>\n<p>\u201dAcum, din c\u00e2te \u00een\u0163eleg, argumentul a fost c\u0103 dezinformarea ruseasc\u0103 a infectat alegerile rom\u00e2ne\u015fti, dar le-a\u015f cere prietenilor mei europeni s\u0103 aib\u0103 o perspectiv\u0103\u201d, a declarat num\u0103rul doi american.<\/p>\n<p>\u201dPute\u0163i crede c\u0103 este gre\u015fit ca Rusia s\u0103 cumpere publicitate pe re\u0163ele de socializare pentru a v\u0103 influen\u0163a alegerile. Noi credem, cu siguran\u0163\u0103. Pute\u0163i s\u0103 o condamna\u0163i \u015fi pe scena mondial\u0103, dar dac\u0103 democra\u0163ia voastr\u0103 poate fi distrus\u0103 cu ni\u015fte publicitate de la o \u0163ar\u0103 str\u0103in\u0103 de 100.000 de dolari, atunci nu era prea puternic\u0103, pentru \u00eenceput\u201d, a ad\u0103ugat el.<\/p>","protected":false},"excerpt":{"rendered":"<p>\u201dAccept\u0103m oferta Administra\u0163iei Trump de a apar\u0163ine unei lumi libere, \u00een care libera exprimare s\u0103&hellip;<\/p>\n","protected":false},"author":0,"featured_media":31821,"comment_status":"open","ping_status":"open","sticky":false,"template":"","format":"standard","meta":{"footnotes":""},"categories":[2],"tags":[],"class_list":["post-31824","post","type-post","status-publish","format-standard","has-post-thumbnail","hentry","category-actual"],"_links":{"self":[{"href":"https:\/\/247stiri.ro\/index.php\/wp-json\/wp\/v2\/posts\/31824","targetHints":{"allow":["GET"]}}],"collection":[{"href":"https:\/\/247stiri.ro\/index.php\/wp-json\/wp\/v2\/posts"}],"about":[{"href":"https:\/\/247stiri.ro\/index.php\/wp-json\/wp\/v2\/types\/post"}],"replies":[{"embeddable":true,"href":"https:\/\/247stiri.ro\/index.php\/wp-json\/wp\/v2\/comments?post=31824"}],"version-history":[{"count":0,"href":"https:\/\/247stiri.ro\/index.php\/wp-json\/wp\/v2\/posts\/31824\/revisions"}],"wp:featuredmedia":[{"embeddable":true,"href":"https:\/\/247stiri.ro\/index.php\/wp-json\/wp\/v2\/media\/31821"}],"wp:attachment":[{"href":"https:\/\/247stiri.ro\/index.php\/wp-json\/wp\/v2\/media?parent=31824"}],"wp:term":[{"taxonomy":"category","embeddable":true,"href":"https:\/\/247stiri.ro\/index.php\/wp-json\/wp\/v2\/categories?post=31824"},{"taxonomy":"post_tag","embeddable":true,"href":"https:\/\/247stiri.ro\/index.php\/wp-json\/wp\/v2\/tags?post=31824"}],"curies":[{"name":"wp","href":"https:\/\/api.w.org\/{rel}","templated":true}]}}