{"id":31865,"date":"2025-02-14T19:44:58","date_gmt":"2025-02-14T19:44:58","guid":{"rendered":"https:\/\/247stiri.ro\/index.php\/2025\/02\/14\/volodimir-zelenski-si-j-d-vance-au-stat-la-masa-negocierilor-donald-trump-nu-are-un-plan-gata-pregatit-pentru-a-pune-capat-razboiului\/"},"modified":"2025-02-14T19:44:58","modified_gmt":"2025-02-14T19:44:58","slug":"volodimir-zelenski-si-j-d-vance-au-stat-la-masa-negocierilor-donald-trump-nu-are-un-plan-gata-pregatit-pentru-a-pune-capat-razboiului","status":"publish","type":"post","link":"https:\/\/247stiri.ro\/index.php\/2025\/02\/14\/volodimir-zelenski-si-j-d-vance-au-stat-la-masa-negocierilor-donald-trump-nu-are-un-plan-gata-pregatit-pentru-a-pune-capat-razboiului\/","title":{"rendered":"Volodimir Zelenski \u0219i J.D. Vance au stat la masa negocierilor: \u201eDonald Trump nu are un &#8216;plan gata preg\u0103tit&#8217; pentru a pune cap\u0103t r\u0103zboiului\u201d"},"content":{"rendered":"<p>&#8216;Trebuie s\u0103 mai discut\u0103m, s\u0103 lucr\u0103m mai mult \u0219i s\u0103 preg\u0103tim un plan (despre) cum s\u0103-l oprim pe Putin&#8217;, a sus\u021binut Zelenski dup\u0103 \u00eentrevederea cu J.D. Vance.<\/p>\n<p>La r\u00e2ndul s\u0103u, vicepre\u0219edintele american a subliniat c\u0103 obiectivul Statelor Unite este ob\u021binerea unei &#8216;p\u0103ci durabile&#8217; \u00een Ucraina, &#8216;o pace care s\u0103 nu readuc\u0103 un conflict \u00een Europa de Est peste c\u00e2\u021biva ani&#8217;.<\/p>\n<p>J.D. Vance a apreciat de asemenea \u00een fa\u021ba presei c\u0103 a avut &#8216;o discu\u021bie bun\u0103&#8217; cu Zelenski \u0219i a anun\u021bat c\u0103 vor urma \u0219i altele, &#8216;\u00een zilele, s\u0103pt\u0103m\u00e2nile \u0219i lunile urm\u0103toare&#8217;.<\/p>\n<p><a title='Germania reactioneaza la criticile vicepresedintelui SUA, J.D.Vance: ,,Aceasta este inacceptabil\"' href=\"https:\/\/www.realitatea.net\/stiri\/actual\/germania-reactioneaza-la-criticile-vicepresedintelui-sua-jdvance-aceasta-este-inacceptabil_67af8b3df519c31519186f42\">Germania reac\u021bioneaz\u0103 la criticile vicepre\u0219edintelui SUA, J.D.Vance: \u201eAceasta este inacceptabil\u201d<\/a><\/p>\n<p>Pre\u0219edintele ucrainean a spus mai devreme c\u0103 Ucraina va negocia cu Rusia \u00eencheierea r\u0103zboiului numai dup\u0103 ce Kievul, Washingtonul \u0219i alia\u021bii lor \u00ee\u0219i vor fi stabilit o pozi\u021bie comun\u0103, scrie Agerpres.<\/p>\n<p>Pre\u0219edintele Zelenski a mai men\u021bionat c\u0103 pre\u0219edintele american Donald Trump nu are un &#8216;plan gata preg\u0103tit&#8217; pentru a pune cap\u0103t r\u0103zboiului ruso-ucrainean, dup\u0103 ce liderii de la Casa Alb\u0103 \u0219i Kremlin au anun\u021bat miercuri, dup\u0103 prima lor convorbire telefonic\u0103 oficial\u0103, ini\u021bierea negocierilor de pace asupra r\u0103zboiului din Ucraina f\u0103r\u0103 s\u0103 se fi consultat \u00een prealabil cu Kievul \u0219i cu alia\u021bii europeni, care se tem acum c\u0103 ar putea fi exclu\u0219i de la tratative \u0219i c\u0103 pre\u0219edin\u021bii rus \u0219i american ar putea \u00eencerca s\u0103 tran\u0219eze separat conflictul.\u00a0<\/p>\n<p><a title='Ciolacu raspunde criticilor vicepresedintelui american, J.D. Vance: ,,Autoritatile se angajeaza sa organizeze alegeri corecte\"' href=\"https:\/\/www.realitatea.net\/stiri\/actual\/ciolacu-raspunde-criticilor-vicepresedintelui-american-jd-vance-autoritatile-se-angajeaza-sa-organizeze-alegeri-corecte_67af8f5f5cdca512bb448c28\">Ciolacu r\u0103spunde criticilor vicepre\u0219edintelui american, J.D. Vance: \u201eAutorit\u0103\u021bile se angajeaz\u0103 s\u0103 organizeze alegeri corecte\u201d<\/a><\/p>","protected":false},"excerpt":{"rendered":"<p>&#8216;Trebuie s\u0103 mai discut\u0103m, s\u0103 lucr\u0103m mai mult \u0219i s\u0103 preg\u0103tim un plan (despre) cum&hellip;<\/p>\n","protected":false},"author":0,"featured_media":31858,"comment_status":"open","ping_status":"open","sticky":false,"template":"","format":"standard","meta":{"footnotes":""},"categories":[2],"tags":[],"class_list":["post-31865","post","type-post","status-publish","format-standard","has-post-thumbnail","hentry","category-actual"],"_links":{"self":[{"href":"https:\/\/247stiri.ro\/index.php\/wp-json\/wp\/v2\/posts\/31865","targetHints":{"allow":["GET"]}}],"collection":[{"href":"https:\/\/247stiri.ro\/index.php\/wp-json\/wp\/v2\/posts"}],"about":[{"href":"https:\/\/247stiri.ro\/index.php\/wp-json\/wp\/v2\/types\/post"}],"replies":[{"embeddable":true,"href":"https:\/\/247stiri.ro\/index.php\/wp-json\/wp\/v2\/comments?post=31865"}],"version-history":[{"count":0,"href":"https:\/\/247stiri.ro\/index.php\/wp-json\/wp\/v2\/posts\/31865\/revisions"}],"wp:featuredmedia":[{"embeddable":true,"href":"https:\/\/247stiri.ro\/index.php\/wp-json\/wp\/v2\/media\/31858"}],"wp:attachment":[{"href":"https:\/\/247stiri.ro\/index.php\/wp-json\/wp\/v2\/media?parent=31865"}],"wp:term":[{"taxonomy":"category","embeddable":true,"href":"https:\/\/247stiri.ro\/index.php\/wp-json\/wp\/v2\/categories?post=31865"},{"taxonomy":"post_tag","embeddable":true,"href":"https:\/\/247stiri.ro\/index.php\/wp-json\/wp\/v2\/tags?post=31865"}],"curies":[{"name":"wp","href":"https:\/\/api.w.org\/{rel}","templated":true}]}}