{"id":31884,"date":"2025-02-14T20:44:56","date_gmt":"2025-02-14T20:44:56","guid":{"rendered":"https:\/\/247stiri.ro\/index.php\/2025\/02\/14\/reactia-sri-dupa-acuzatiile-vicepresedintelui-sua-jd-vance\/"},"modified":"2025-02-14T20:44:56","modified_gmt":"2025-02-14T20:44:56","slug":"reactia-sri-dupa-acuzatiile-vicepresedintelui-sua-jd-vance","status":"publish","type":"post","link":"https:\/\/247stiri.ro\/index.php\/2025\/02\/14\/reactia-sri-dupa-acuzatiile-vicepresedintelui-sua-jd-vance\/","title":{"rendered":"Reac\u021bia SRI dup\u0103 acuza\u021biile vicepre\u0219edintelui SUA, JD Vance"},"content":{"rendered":"<p>Vicepre\u0219edintele\u00a0SUA, J.D. Vance, a calificat drept \u201dsuspiciuni \u0219ubrede\u201d informa\u021biile serviciilor secrete din Rom\u00e2nia, informa\u021bii pe baza c\u0103rora au fost anulate alegerile. Cei de la\u00a0SRI, de\u0219i sunt viza\u021bi direct de vicepre\u0219edintele SUA, au transmis faptul c\u0103 nu pot comenta declara\u021biile unor oficiali.<\/p>\n<p>\u201dSRI nu are competen\u021ba legal\u0103 de a comenta declara\u021biile unor oficiali. Mul\u021bumim de \u00een\u021belegere!\u201d, arat\u0103 cei de la SRI.<\/p>\n<p>J.D. Vance critic\u0103 anularea alegerilor din Rom\u00e2nia<\/p>\n<p>Vicepre\u0219edintele\u00a0SUA, J.D. Vance,a spus c\u0103 \u00een cazul \u00een care sistemul democratic din\u00a0<a href=\"https:\/\/www.realitatea.net\/stiri\/actual\/vicepresedintele-sua-critica-anularea-alegerilor-din-romania-democratia-nu-a-fost-foarte-solida-de-la-bun-inceput_67af533b1022ea1417526782\" target=\"_blank\">Rom\u00e2nia<\/a>\u00a0a fost dobor\u00e2t cu c\u00e2teva mii de dolari investite \u00een TikTok, atunci \u00eenseamn\u0103 democra\u021bia nu este una foarte puternic\u0103. De asemenea, el a calificat drept \u201dsuspiciuni \u0219ubrede\u201d informa\u021biile serviciilor secrete din Rom\u00e2nia, informa\u021bii pe baza c\u0103rora au fost anulate alegerile.<\/p>\n<p>\u201dSitua\u021bia a devenit at\u00e2t de rea \u00een Europa, \u00eenc\u00e2t \u00een decembrie Rom\u00e2nia a decis anularea alegerilor preziden\u021biale, pe baza suspiciunilor \u0219ubrede ale unei agen\u021bii de informa\u021bii \u0219i a presiunii mari venite din partea vecinilor.<\/p>\n<p><a href=\"https:\/\/www.realitatea.net\/stiri\/actual\/george-simion-liderul-suveranistilor-romani-reactie-la-acuzatiile-lui-jd-vance-acceptam-oferta-administratie-trump_67af79b963f1b648c207a102\" target=\"_blank\">George Simion, liderul suverani\u0219tilor rom\u00e2ni, reac\u021bie la acuza\u021biile lui JD Vance: \u201eAccept\u0103m oferta Administra\u021bie Trump!\u201d VIDEO<\/a><\/p>\n<p>Am \u00een\u021beles c\u0103 dezinformarea ruseasc\u0103 a afectat alegerile din Rom\u00e2nia, dar eu v\u0103 \u00eentreb, dragi prieteni din Europa: dac\u0103 Rusia cump\u0103r\u0103 influen\u021b\u0103 \u00een social media este un lucru foarte r\u0103u, dar dac\u0103 europenii cump\u0103r\u0103 o astfel de influen\u021b\u0103, \u0219i cu siguran\u021b\u0103 o facem, atunci este bine. Dac\u0103 un sistem democratic poate fi distrus cu c\u00e2teva mii de dolari b\u0103ga\u021bi \u00een digital advertising din partea unei for\u021be str\u0103ine, \u00eenseamn\u0103 c\u0103 nu a fost foarte puternic\u0103 de la \u00eenceput\u201d, a spus J.D. Vance.<\/p>\n<p><a href=\"https:\/\/www.realitatea.net\/stiri\/actual\/prima-reactie-de-la-cotroceni-la-acuzatiile-aduse-de-vicepresedintele-sua-la-adresa-alegerilor-prezidentiale-din-romania_67af6de88277247970059ca5\" target=\"_blank\">Prima reac\u021bie de la Cotroceni la acuza\u021biile aduse de vicepre\u0219edintele SUA la adresa alegerilor preziden\u021biale din Rom\u00e2nia<\/a><\/p>\n<p>\u201eUn fost membru al Comisiei Europene a declarat c\u0103 i-a pl\u0103cut faptul c\u0103 guvernul rom\u00e2n a anulat alegerile. Dac\u0103 acest lucru se \u00eent\u00e2mpl\u0103, atunci poate se va \u00eent\u00e2mpla \u0219i \u00een Germania \u2013 este \u0219ocant pentru urechile americanilor\u2026 C\u00e2nd vedem instan\u021be europene anul\u00e2nd alegeri \u0219i oficiali spun\u00e2nd c\u0103 vor anula altele, trebuie s\u0103 ne \u00eentreb\u0103m dac\u0103 ne respect\u0103m propriile standarde \u00eenalte de democra\u021bie. De fapt, trebuie s\u0103 facem mai mult dec\u00e2t s\u0103 vorbim despre valorile democratice \u2013 trebuie s\u0103 tr\u0103im conform acestora\u201d, a spus Vance f\u0103c\u00e2nd referire la fostul comisar european Thierry Breton.<\/p>","protected":false},"excerpt":{"rendered":"<p>Vicepre\u0219edintele\u00a0SUA, J.D. Vance, a calificat drept \u201dsuspiciuni \u0219ubrede\u201d informa\u021biile serviciilor secrete din Rom\u00e2nia, informa\u021bii pe&hellip;<\/p>\n","protected":false},"author":0,"featured_media":31880,"comment_status":"open","ping_status":"open","sticky":false,"template":"","format":"standard","meta":{"footnotes":""},"categories":[2],"tags":[],"class_list":["post-31884","post","type-post","status-publish","format-standard","has-post-thumbnail","hentry","category-actual"],"_links":{"self":[{"href":"https:\/\/247stiri.ro\/index.php\/wp-json\/wp\/v2\/posts\/31884","targetHints":{"allow":["GET"]}}],"collection":[{"href":"https:\/\/247stiri.ro\/index.php\/wp-json\/wp\/v2\/posts"}],"about":[{"href":"https:\/\/247stiri.ro\/index.php\/wp-json\/wp\/v2\/types\/post"}],"replies":[{"embeddable":true,"href":"https:\/\/247stiri.ro\/index.php\/wp-json\/wp\/v2\/comments?post=31884"}],"version-history":[{"count":0,"href":"https:\/\/247stiri.ro\/index.php\/wp-json\/wp\/v2\/posts\/31884\/revisions"}],"wp:featuredmedia":[{"embeddable":true,"href":"https:\/\/247stiri.ro\/index.php\/wp-json\/wp\/v2\/media\/31880"}],"wp:attachment":[{"href":"https:\/\/247stiri.ro\/index.php\/wp-json\/wp\/v2\/media?parent=31884"}],"wp:term":[{"taxonomy":"category","embeddable":true,"href":"https:\/\/247stiri.ro\/index.php\/wp-json\/wp\/v2\/categories?post=31884"},{"taxonomy":"post_tag","embeddable":true,"href":"https:\/\/247stiri.ro\/index.php\/wp-json\/wp\/v2\/tags?post=31884"}],"curies":[{"name":"wp","href":"https:\/\/api.w.org\/{rel}","templated":true}]}}