{"id":31885,"date":"2025-02-14T20:44:56","date_gmt":"2025-02-14T20:44:56","guid":{"rendered":"https:\/\/247stiri.ro\/index.php\/2025\/02\/14\/doi-curieri-victimele-unui-atac-violent-in-bucuresti-un-grup-de-barbati-i-a-atacat-cu-bate-in-parc\/"},"modified":"2025-02-14T20:44:56","modified_gmt":"2025-02-14T20:44:56","slug":"doi-curieri-victimele-unui-atac-violent-in-bucuresti-un-grup-de-barbati-i-a-atacat-cu-bate-in-parc","status":"publish","type":"post","link":"https:\/\/247stiri.ro\/index.php\/2025\/02\/14\/doi-curieri-victimele-unui-atac-violent-in-bucuresti-un-grup-de-barbati-i-a-atacat-cu-bate-in-parc\/","title":{"rendered":"Doi curieri, victimele unui atac violent \u00een Bucure\u0219ti. Un grup de b\u0103rba\u021bi i-a atacat cu b\u00e2te \u00een parc"},"content":{"rendered":"<p>Interven\u021bia rapid\u0103 a poli\u021biei<\/p>\n<p>Echipajele de poli\u021bie au ajuns rapid la locul incidentului \u0219i au reu\u0219it s\u0103 aplaneze conflictul \u00een c\u00e2teva minute. Toate persoanele implicate au fost identificate \u0219i conduse la sec\u021bie pentru audieri.<\/p>\n<p><a href=\"https:\/\/www.realitatea.net\/stiri\/actual\/val-de-perchezitii-domiciliare-dupa-conflictul-din-urziceni-intre-doua-clanuri-interlope-2-morti-si-3-raniti_67a9996e05df914f305ee5b2\" target=\"_blank\">\u00cen timpul alterca\u021biei,<\/a> unul dintre agresori a distrus scuterul unuia dintre curieri, \u00eens\u0103, \u00een ciuda violen\u021bei atacului, niciuna dintre victime nu a necesitat \u00eengrijiri medicale de urgen\u021b\u0103.<\/p>\n<p>Cauza atacului: un conflict spontan<\/p>\n<p>Conform primelor verific\u0103ri, incidentul a izbucnit pe fondul unui conflict spontan. \u201eDin datele ob\u021binute p\u00e2n\u0103 \u00een acest moment, doi b\u0103rba\u021bi care efectuau servicii de livrare au fost ataca\u021bi fizic de mai multe persoane, fiind utilizate \u0219i obiecte contondente\u201d, au declarat reprezentan\u021bii Poli\u021biei Capitalei.<\/p>\n<p><a href=\"https:\/\/www.realitatea.net\/stiri\/actual\/descinderi-de-amploare-in-bucuresti-si-ialomita-dupa-o-bataie-violenta-intrun-restaurant-din-capitala-este-vizat-si-clanul-duduianu_67a2140025b85c596d0825ac\" target=\"_blank\">Ancheta este \u00een desf\u0103\u0219urare<\/a>, iar cazul a fost \u00eenaintat procurorilor pentru solu\u021bionare. Oamenii legii analizeaz\u0103 imaginile de pe camerele de supraveghere pentru a stabili cu exactitate circumstan\u021bele atacului \u0219i pentru a lua m\u0103surile legale \u00eempotriva agresorilor.<\/p>","protected":false},"excerpt":{"rendered":"<p>Interven\u021bia rapid\u0103 a poli\u021biei Echipajele de poli\u021bie au ajuns rapid la locul incidentului \u0219i au&hellip;<\/p>\n","protected":false},"author":0,"featured_media":31886,"comment_status":"open","ping_status":"open","sticky":false,"template":"","format":"standard","meta":{"footnotes":""},"categories":[2],"tags":[],"class_list":["post-31885","post","type-post","status-publish","format-standard","has-post-thumbnail","hentry","category-actual"],"_links":{"self":[{"href":"https:\/\/247stiri.ro\/index.php\/wp-json\/wp\/v2\/posts\/31885","targetHints":{"allow":["GET"]}}],"collection":[{"href":"https:\/\/247stiri.ro\/index.php\/wp-json\/wp\/v2\/posts"}],"about":[{"href":"https:\/\/247stiri.ro\/index.php\/wp-json\/wp\/v2\/types\/post"}],"replies":[{"embeddable":true,"href":"https:\/\/247stiri.ro\/index.php\/wp-json\/wp\/v2\/comments?post=31885"}],"version-history":[{"count":0,"href":"https:\/\/247stiri.ro\/index.php\/wp-json\/wp\/v2\/posts\/31885\/revisions"}],"wp:featuredmedia":[{"embeddable":true,"href":"https:\/\/247stiri.ro\/index.php\/wp-json\/wp\/v2\/media\/31886"}],"wp:attachment":[{"href":"https:\/\/247stiri.ro\/index.php\/wp-json\/wp\/v2\/media?parent=31885"}],"wp:term":[{"taxonomy":"category","embeddable":true,"href":"https:\/\/247stiri.ro\/index.php\/wp-json\/wp\/v2\/categories?post=31885"},{"taxonomy":"post_tag","embeddable":true,"href":"https:\/\/247stiri.ro\/index.php\/wp-json\/wp\/v2\/tags?post=31885"}],"curies":[{"name":"wp","href":"https:\/\/api.w.org\/{rel}","templated":true}]}}