{"id":31920,"date":"2025-02-15T05:46:22","date_gmt":"2025-02-15T05:46:22","guid":{"rendered":"https:\/\/247stiri.ro\/index.php\/2025\/02\/15\/prognoza-meteo-15-februarie-iarna-isi-intra-in-drepturi-cod-galben-de-ninsori-viscolite-in-mai-multe-judete\/"},"modified":"2025-02-15T05:46:22","modified_gmt":"2025-02-15T05:46:22","slug":"prognoza-meteo-15-februarie-iarna-isi-intra-in-drepturi-cod-galben-de-ninsori-viscolite-in-mai-multe-judete","status":"publish","type":"post","link":"https:\/\/247stiri.ro\/index.php\/2025\/02\/15\/prognoza-meteo-15-februarie-iarna-isi-intra-in-drepturi-cod-galben-de-ninsori-viscolite-in-mai-multe-judete\/","title":{"rendered":"Prognoza meteo, 15 februarie. Iarna \u00ee\u0219i intr\u0103 \u00een drepturi. Cod Galben de ninsori viscolite \u00een mai multe jude\u021be"},"content":{"rendered":"<p>\u201e\u00cencep\u00e2nd de s\u00e2mb\u0103t\u0103 vremea va intra \u00eentr-un proces de r\u0103cire \u00een toate regiunile, iar\u00a0p\u00e2n\u0103 spre finalul s\u0103pt\u0103m\u00e2nii viitoare valorile termice se vor men\u0163ine sub mediile multianuale specifice perioadei\u201d, anun\u0163\u0103 ANM.\u00a0\u00a0<\/p>\n<p>De asemenea, s\u00e2mb\u0103t\u0103, 15 februarie, \u00eentre orele\u00a005:00-18:00 va fi valabil un cod galben de ninsori viscolite \u00een Moldova, nord-estul \u015fi estul Munteniei \u015fi nordul Dobrogei. \u00cen aceste zone va ninge viscolit, v\u00e2ntul va avea intensific\u0103ri cu viteze de 50&#8230;65 km\/h, iar vizibilitatea va sc\u0103dea sub 100 metri, transmit meteorologii.<\/p>\n\n<p>Temperaturile maxime se vor situa \u00eentre -3 grade \u00een nordul \u0219i centrul Moldovei \u0219i 10 grade \u00een jum\u0103tatea vestic\u0103 a Olteniei.<\/p>\n<p>\u00cen cursul nop\u021bii, temperaturile minime vor varia \u00eentre -12 \u0219i 0 grade, cele mai sc\u0103zute valori fiind a\u0219teptate \u00een Maramure\u0219, estul Transilvaniei \u0219i \u00een jum\u0103tatea de nord a Moldovei, unde se va \u00eenregistra ger \u00een anumite zone.<\/p>\n<p>\u00cen regiunile sudice \u0219i sud-estice, cerul va fi predominant noros, \u00een timp ce \u00een centrul \u0219i estul \u021b\u0103rii va fi temporar noros, iar \u00een rest va fi variabil. Pe parcursul zilei, se vor semnala precipita\u021bii, \u00een principal sub form\u0103 de ninsoare \u00een sudul \u0219i estul Transilvaniei, precum \u0219i local \u00een Moldova \u0219i la munte.<\/p>\n<p><a title=\"Gerul persista pana la finalul acestei luni. Cum va fi VREMEA in primele doua saptamani din martie: noua prognoza a ANM\" href=\"https:\/\/www.realitatea.net\/stiri\/actual\/gerul-persista-pana-la-finalul-acestei-luni-cum-va-fi-vremea-in-primele-doua-saptamani-din-martie-noua-prognoza-a-anm_67aef1276687cb66e7184442\">Gerul persist\u0103 p\u00e2n\u0103 la finalul acestei luni. Cum va fi VREMEA \u00een primele dou\u0103 s\u0103pt\u0103m\u00e2ni din martie: noua prognoz\u0103 a ANM<\/a><\/p>\n<p>Pe timpul nop\u021bii, va ninge \u00een Carpa\u021bii Meridionali \u0219i \u00een zona de Curbur\u0103, iar local \u00een Oltenia, Muntenia, Dobrogea \u0219i izolat \u00een centrul Carpa\u021bilor Orientali \u0219i \u00een Mun\u021bii Apuseni.<\/p>\n<p>V\u00e2ntul va sufla slab \u0219i moderat, cu intensific\u0103ri pe parcursul zilei \u00een regiunile vestice, dar mai ales \u00een cele estice \u0219i sud-estice, ating\u00e2nd viteze de 50-65 km\/h.<\/p>\n<p>\u00cen nord-estul \u0219i estul Munteniei, \u00een nordul Dobrogei \u0219i local \u00een Moldova, ninsoarea va fi viscolit\u0103 temporar, iar vizibilitatea va sc\u0103dea sub 100 m. De asemenea, diminea\u021ba vor fi condi\u021bii de cea\u021b\u0103 pe suprafe\u021be reduse. Presiunea atmosferic\u0103 va prezenta o u\u0219oar\u0103 cre\u0219tere.<\/p>\n<p>\u00cen Bucure\u0219ti, vremea se va r\u0103ci semnificativ \u0219i va fi predominant \u00eenchis\u0103. \u00cen prima parte a zilei, se vor \u00eenregistra precipita\u021bii slabe mixte, iar pe timpul nop\u021bii este a\u0219teptat\u0103 o ninsoare slab\u0103, care va duce la formarea unui strat de z\u0103pad\u0103 de 1-3 cm.<\/p>\n<p>V\u00e2ntul va sufla moderat pe timpul zilei \u0219i slab pe timpul nop\u021bii. Temperatura maxim\u0103 va varia \u00eentre 1 \u0219i 3 grade, iar cea minim\u0103 va fi \u00eentre -4 \u0219i -2 grade. Presiunea atmosferic\u0103 va continua s\u0103 creasc\u0103.<\/p>\n<p><a title=\"Cod galben de NINSORI VISCOLITE in Moldova, Muntenia si Dobrogea. Vremea se raceste semnificativ pana pe 18 februarie: prognoza ANM\" href=\"https:\/\/www.realitatea.net\/stiri\/actual\/cod-galben-de-ninsori-viscolite-in-moldova-muntenia-si-dobrogea-vremea-se-raceste-semnificativ-pana-pe-18-februarie-prognoza-anm_67af0199c932f1024110c462\">Cod galben de NINSORI VISCOLITE \u00een Moldova, Muntenia \u015fi Dobrogea. Vremea se r\u0103ce\u0219te semnificativ p\u00e2n\u0103 pe 18 februarie: prognoza ANM<\/a><\/p>","protected":false},"excerpt":{"rendered":"<p>\u201e\u00cencep\u00e2nd de s\u00e2mb\u0103t\u0103 vremea va intra \u00eentr-un proces de r\u0103cire \u00een toate regiunile, iar\u00a0p\u00e2n\u0103 spre&hellip;<\/p>\n","protected":false},"author":0,"featured_media":31921,"comment_status":"open","ping_status":"open","sticky":false,"template":"","format":"standard","meta":{"footnotes":""},"categories":[2],"tags":[],"class_list":["post-31920","post","type-post","status-publish","format-standard","has-post-thumbnail","hentry","category-actual"],"_links":{"self":[{"href":"https:\/\/247stiri.ro\/index.php\/wp-json\/wp\/v2\/posts\/31920","targetHints":{"allow":["GET"]}}],"collection":[{"href":"https:\/\/247stiri.ro\/index.php\/wp-json\/wp\/v2\/posts"}],"about":[{"href":"https:\/\/247stiri.ro\/index.php\/wp-json\/wp\/v2\/types\/post"}],"replies":[{"embeddable":true,"href":"https:\/\/247stiri.ro\/index.php\/wp-json\/wp\/v2\/comments?post=31920"}],"version-history":[{"count":0,"href":"https:\/\/247stiri.ro\/index.php\/wp-json\/wp\/v2\/posts\/31920\/revisions"}],"wp:featuredmedia":[{"embeddable":true,"href":"https:\/\/247stiri.ro\/index.php\/wp-json\/wp\/v2\/media\/31921"}],"wp:attachment":[{"href":"https:\/\/247stiri.ro\/index.php\/wp-json\/wp\/v2\/media?parent=31920"}],"wp:term":[{"taxonomy":"category","embeddable":true,"href":"https:\/\/247stiri.ro\/index.php\/wp-json\/wp\/v2\/categories?post=31920"},{"taxonomy":"post_tag","embeddable":true,"href":"https:\/\/247stiri.ro\/index.php\/wp-json\/wp\/v2\/tags?post=31920"}],"curies":[{"name":"wp","href":"https:\/\/api.w.org\/{rel}","templated":true}]}}