{"id":31922,"date":"2025-02-15T05:46:23","date_gmt":"2025-02-15T05:46:23","guid":{"rendered":"https:\/\/247stiri.ro\/index.php\/2025\/02\/15\/razboi-ucraina-ziua-1088-zelenski-face-apel-la-o-pace-reala-si-garantata-dupa-intrevederea-cu-j-d-vance\/"},"modified":"2025-02-15T05:46:23","modified_gmt":"2025-02-15T05:46:23","slug":"razboi-ucraina-ziua-1088-zelenski-face-apel-la-o-pace-reala-si-garantata-dupa-intrevederea-cu-j-d-vance","status":"publish","type":"post","link":"https:\/\/247stiri.ro\/index.php\/2025\/02\/15\/razboi-ucraina-ziua-1088-zelenski-face-apel-la-o-pace-reala-si-garantata-dupa-intrevederea-cu-j-d-vance\/","title":{"rendered":"R\u0103zboi Ucraina, ziua 1088. Zelenski face apel la o pace &#8216;real\u0103 \u0219i garantat\u0103&#8217;, dup\u0103 \u00eentrevederea cu J.D.Vance"},"content":{"rendered":"<p>&#8216;Suntem preg\u0103ti\u021bi s\u0103 avans\u0103m c\u00e2t mai repede posibil spre o pace real\u0103 \u0219i garantat\u0103&#8217;, a spus Zelenski pe platforma X,\u00a0salut\u00e2nd &#8216;determinarea&#8217; pre\u0219edintelui american Donald Trump, care, a ad\u0103ugat el, &#8216;poate contribui la \u00eencheierea r\u0103zboiului&#8217;.Pre\u0219edintele ucrainean a declarat c\u0103 a avut o discu\u021bie &#8216;bun\u0103&#8217; cu vicepre\u0219edintele american J.D. Vance la Conferin\u021ba de la Munchen, dar a apreciat c\u0103 mai este de lucru pentru un plan de \u00eencheiere a r\u0103zboiului provocat de invazia rus\u0103, iar \u00een viziunea sa un asemenea plan trebuie s\u0103 aib\u0103 ca obiectiv s\u0103-l &#8216;opreasc\u0103&#8217; pe pre\u0219edintele rus Vladimir Putin, potrivit Reuters \u0219i AFP.&#8217;Trebuie s\u0103 mai discut\u0103m, s\u0103 lucr\u0103m mai mult \u0219i s\u0103 preg\u0103tim un plan (despre) cum s\u0103-l oprim pe Putin&#8217;, a sus\u021binut Zelenski dup\u0103 \u00eentrevederea cu J.D. Vance.La r\u00e2ndul s\u0103u, vicepre\u0219edintele american a subliniat c\u0103 obiectivul Statelor Unite este ob\u021binerea unei &#8216;p\u0103ci durabile&#8217; \u00een Ucraina, &#8216;o pace care s\u0103 nu readuc\u0103 un conflict \u00een Europa de Est peste c\u00e2\u021biva ani&#8217;.J.D. Vance a apreciat de asemenea \u00een fa\u021ba presei c\u0103 a avut &#8216;o discu\u021bie bun\u0103&#8217; cu Zelenski \u0219i a anun\u021bat c\u0103 vor urma \u0219i altele, &#8216;\u00een zilele, s\u0103pt\u0103m\u00e2nile \u0219i lunile urm\u0103toare&#8217;.Pre\u0219edintele ucrainean a spus mai devreme c\u0103 Ucraina va negocia cu Rusia \u00eencheierea r\u0103zboiului numai dup\u0103 ce Kievul, Washingtonul \u0219i alia\u021bii lor \u00ee\u0219i vor fi stabilit o pozi\u021bie comun\u0103.<\/p>","protected":false},"excerpt":{"rendered":"<p>&#8216;Suntem preg\u0103ti\u021bi s\u0103 avans\u0103m c\u00e2t mai repede posibil spre o pace real\u0103 \u0219i garantat\u0103&#8217;, a&hellip;<\/p>\n","protected":false},"author":0,"featured_media":31918,"comment_status":"open","ping_status":"open","sticky":false,"template":"","format":"standard","meta":{"footnotes":""},"categories":[2],"tags":[],"class_list":["post-31922","post","type-post","status-publish","format-standard","has-post-thumbnail","hentry","category-actual"],"_links":{"self":[{"href":"https:\/\/247stiri.ro\/index.php\/wp-json\/wp\/v2\/posts\/31922","targetHints":{"allow":["GET"]}}],"collection":[{"href":"https:\/\/247stiri.ro\/index.php\/wp-json\/wp\/v2\/posts"}],"about":[{"href":"https:\/\/247stiri.ro\/index.php\/wp-json\/wp\/v2\/types\/post"}],"replies":[{"embeddable":true,"href":"https:\/\/247stiri.ro\/index.php\/wp-json\/wp\/v2\/comments?post=31922"}],"version-history":[{"count":0,"href":"https:\/\/247stiri.ro\/index.php\/wp-json\/wp\/v2\/posts\/31922\/revisions"}],"wp:featuredmedia":[{"embeddable":true,"href":"https:\/\/247stiri.ro\/index.php\/wp-json\/wp\/v2\/media\/31918"}],"wp:attachment":[{"href":"https:\/\/247stiri.ro\/index.php\/wp-json\/wp\/v2\/media?parent=31922"}],"wp:term":[{"taxonomy":"category","embeddable":true,"href":"https:\/\/247stiri.ro\/index.php\/wp-json\/wp\/v2\/categories?post=31922"},{"taxonomy":"post_tag","embeddable":true,"href":"https:\/\/247stiri.ro\/index.php\/wp-json\/wp\/v2\/tags?post=31922"}],"curies":[{"name":"wp","href":"https:\/\/api.w.org\/{rel}","templated":true}]}}