{"id":31928,"date":"2025-02-15T06:44:58","date_gmt":"2025-02-15T06:44:58","guid":{"rendered":"https:\/\/247stiri.ro\/index.php\/2025\/02\/15\/umpmv-dezminte-oficial-informatiile-din-spatiul-public-catalin-zisu-nu-a-obtinut-titlul-de-doctor-gratie-lui-gabriel-oprea\/"},"modified":"2025-02-15T06:44:58","modified_gmt":"2025-02-15T06:44:58","slug":"umpmv-dezminte-oficial-informatiile-din-spatiul-public-catalin-zisu-nu-a-obtinut-titlul-de-doctor-gratie-lui-gabriel-oprea","status":"publish","type":"post","link":"https:\/\/247stiri.ro\/index.php\/2025\/02\/15\/umpmv-dezminte-oficial-informatiile-din-spatiul-public-catalin-zisu-nu-a-obtinut-titlul-de-doctor-gratie-lui-gabriel-oprea\/","title":{"rendered":"UMPMV dezminte oficial informa\u021biile din spa\u021biul public: C\u0103t\u0103lin Zisu nu a ob\u0163inut titlul de doctor gra\u0163ie lui Gabriel Oprea"},"content":{"rendered":"<p>\u201el. C\u0103t\u0103lin Zisu nu a ob\u0163inut titlul de doctor gra\u0163ie gl.(r) Gabriel Oprea. Pre\u015fedintele UMPMV nu i-a fost conduc\u0103tor de doctorat, titlul nu a fost ob\u0163inut \u00eentr-o institu\u0163ie de \u00eenv\u0103\u0163\u0103m\u00e2nt \u00een care Oprea a fost profesor \u015fi nu are nicio leg\u0103tur\u0103 cu acest doctorat\u201d, transmite Asocia\u0163ia Uniunea Militarilor \u015fi Poli\u0163i\u015ftilor \u201eMihai Viteazul\u201d, organiza\u0163ie \u00eenfiin\u0163at\u0103 \u015fi condus\u0103 de Gabriel Oprea.<\/p>\n<p>Comandantul Logisticii Armatei, generalul C\u0103t\u0103lin \u0218tef\u0103ni\u021b\u0103 Zisu, a fost adus, vineri sear\u0103, la sediul central al Direc\u021biei Na\u021bionale Anticorup\u021bie (DNA).<\/p>\n<p>DNA a anun\u021bat \u00eentr-un comunicat c\u0103 au fost efectuate vineri perchezi\u021bii domiciliare \u00een 22 de loca\u021bii situate \u00een Bucure\u0219ti \u0219i \u00een jude\u021bele Ilfov \u0219i Giurgiu, dintre care una la sediul unei institu\u021bii publice, restul reprezent\u00e2nd domiciliile unor persoane fizice sau sediile\/punctele de lucru ale unor societ\u0103\u021bi comerciale.<\/p>\n<p><a title=\"Ce avere are generalul cu 3 stele Catalin Zisu, perchezitionat de DNA pentru frauda\" href=\"https:\/\/www.realitatea.net\/stiri\/justitie\/ce-avere-are-generalul-cu-3-stele-catalin-zisu-perchezitionat-de-dna-pentru-frauda_67af0cb94a753a74976c20c5\">Ce avere are generalul cu 3 stele C\u0103t\u0103lin Zisu, perchezi\u021bionat de DNA pentru fraud\u0103<\/a>&#8222;Procurorii din cadrul Direc\u021biei Na\u021bionale Anticorup\u021bie &#8211; Serviciul pentru efectuarea urm\u0103ririi penale \u00een cauze privind infrac\u021biunile de corup\u021bie s\u0103v\u00e2r\u0219ite de militari efectueaz\u0103 cercet\u0103ri \u00eentr-o cauz\u0103 penal\u0103 ce vizeaz\u0103 suspiciuni privind s\u0103v\u00e2r\u0219irea, \u00een perioada 2022 &#8211; 2023, a unor infrac\u021biuni asimilate celor de corup\u021bie, de c\u0103tre func\u021bionari publici \u0219i complici ai acestora&#8221;, arat\u0103 DNA.Surse judiciare au precizat, pentru Agerpres, c\u0103 descinderi au avut avut loc \u0219i la Comandamentul Logistic \u00centrunit al Armatei.Anchetatorii ar avea probe privind s\u0103v\u00e2r\u0219irea mai multor activit\u0103\u021bi infrac\u021bionale, care ar fi urm\u0103rit creditarea \u00een mod nejustificat \u0219i nelegal a unei societ\u0103\u021bi comerciale cu suma de aproximativ 12 milioane de lei, sursele judiciare ar\u0103t\u00e2nd c\u0103 ar fi fost vorba despre lucr\u0103ri referitoare la evacuarea de p\u0103m\u00e2nt, moloz \u0219i p\u0103m\u00e2nt de umplutur\u0103, lucr\u0103ri care nu ar fi fost realizate \u00een realitate.<\/p>\n<p>Procurorii DNA au g\u0103sit, la perchezi\u021bii, peste 2.000 de tablouri \u0219i mai multe ceasuri Rolex pe care generalul de trei stele C\u0103t\u0103lin \u0218tef\u0103ni\u021ba Zisu le-ar fi p\u0103strat \u00een locuin\u021ba unei apropiate.<\/p>\n<p><a title=\"Catalin Stefanita Zisu a fost adus la DNA. Pentru ce il iau procurorii la intrebari pe generalul cu Rolex\" href=\"https:\/\/www.realitatea.net\/stiri\/actual\/catalin-stefanita-zisu-a-fost-adus-la-dna-pentru-ce-il-iau-procurorii-la-intrebari-pe-generalul-cu-rolex_67afabd92e77ef5b2727c412\">C\u0103t\u0103lin \u0218tef\u0103ni\u021b\u0103 Zisu a fost adus la DNA. Pentru ce \u00eel iau procurorii la \u00eentreb\u0103ri pe generalul cu Rolex<\/a><\/p>","protected":false},"excerpt":{"rendered":"<p>\u201el. C\u0103t\u0103lin Zisu nu a ob\u0163inut titlul de doctor gra\u0163ie gl.(r) Gabriel Oprea. Pre\u015fedintele UMPMV&hellip;<\/p>\n","protected":false},"author":0,"featured_media":31929,"comment_status":"open","ping_status":"open","sticky":false,"template":"","format":"standard","meta":{"footnotes":""},"categories":[2],"tags":[],"class_list":["post-31928","post","type-post","status-publish","format-standard","has-post-thumbnail","hentry","category-actual"],"_links":{"self":[{"href":"https:\/\/247stiri.ro\/index.php\/wp-json\/wp\/v2\/posts\/31928","targetHints":{"allow":["GET"]}}],"collection":[{"href":"https:\/\/247stiri.ro\/index.php\/wp-json\/wp\/v2\/posts"}],"about":[{"href":"https:\/\/247stiri.ro\/index.php\/wp-json\/wp\/v2\/types\/post"}],"replies":[{"embeddable":true,"href":"https:\/\/247stiri.ro\/index.php\/wp-json\/wp\/v2\/comments?post=31928"}],"version-history":[{"count":0,"href":"https:\/\/247stiri.ro\/index.php\/wp-json\/wp\/v2\/posts\/31928\/revisions"}],"wp:featuredmedia":[{"embeddable":true,"href":"https:\/\/247stiri.ro\/index.php\/wp-json\/wp\/v2\/media\/31929"}],"wp:attachment":[{"href":"https:\/\/247stiri.ro\/index.php\/wp-json\/wp\/v2\/media?parent=31928"}],"wp:term":[{"taxonomy":"category","embeddable":true,"href":"https:\/\/247stiri.ro\/index.php\/wp-json\/wp\/v2\/categories?post=31928"},{"taxonomy":"post_tag","embeddable":true,"href":"https:\/\/247stiri.ro\/index.php\/wp-json\/wp\/v2\/tags?post=31928"}],"curies":[{"name":"wp","href":"https:\/\/api.w.org\/{rel}","templated":true}]}}