{"id":31930,"date":"2025-02-15T06:44:59","date_gmt":"2025-02-15T06:44:59","guid":{"rendered":"https:\/\/247stiri.ro\/index.php\/2025\/02\/15\/sarbatoarea-zilei-sambata-15-februarie-2025-un-mare-sfant-crestin-praznuit-astazi\/"},"modified":"2025-02-15T06:44:59","modified_gmt":"2025-02-15T06:44:59","slug":"sarbatoarea-zilei-sambata-15-februarie-2025-un-mare-sfant-crestin-praznuit-astazi","status":"publish","type":"post","link":"https:\/\/247stiri.ro\/index.php\/2025\/02\/15\/sarbatoarea-zilei-sambata-15-februarie-2025-un-mare-sfant-crestin-praznuit-astazi\/","title":{"rendered":"S\u0103rb\u0103toarea zilei, s\u00e2mb\u0103t\u0103, 15 februarie 2025. Un mare sf\u00e2nt cre\u0219tin, pr\u0103znuit ast\u0103zi"},"content":{"rendered":"<p>Sf\u00e2ntul Onisim a fost unul dintre ucenicii Sf\u00e2ntului Apostol Pavel. \u00cens\u0103, \u00eenainte de aceasta, Sf\u00e2ntul Onisim a fost sclav \u00een Colose, Frigia, la unul din demnitarii acestei cet\u0103\u021bi, pe nume Filimon, care era cre\u0219tin. Filimon s-a \u00eenvrednicit mai pe urm\u0103 \u0219i de treapta episcopiei, apoi s-a num\u0103rat \u0219i \u00een ceata celor 70 de sfin\u021bi apostoli.Pentru c\u0103 f\u0103cuse o gre\u0219eal\u0103 \u0219i se temea de pedeaps\u0103, Sf\u00e2ntul Onisim a fugit de la st\u0103p\u00e2nul s\u0103u \u0219i s-a dus la Roma. Acolo a fost botezat de Sf\u00e2ntul Apostol Pavel \u0219i a devenit mesager al s\u0103u, duc\u00e2nd, de la Roma la Colose, o scrisoare c\u0103tre Filimon, fostul lui st\u0103p\u00e2n, prin care Sf\u00e2ntul Pavel \u00eel roag\u0103 pe acesta din urm\u0103 s\u0103-l ierte pe Onisim pentru gre\u0219eala sa \u0219i s\u0103-l primeasc\u0103 nu ca pe un rob, ci ca pe un frate iubit \u0219i ca pe \u00eensu\u0219i Pavel.&#8221;Pentru dragoste, \u00ee\u021bi fac mai degrab\u0103 o rug\u0103minte. A\u0219a cum sunt eu, Pavel, ca un b\u0103tr\u00e2n, iar acum \u0219i pus \u00een lan\u021buri pentru Iisus Hristos, te rog pe tine pentru fiul meu, pe care l-am n\u0103scut fiind \u00een lan\u021buri, Onisim, cel ce alt\u0103dat\u0103 nu-\u021bi era de folos, dar acum \u0219i \u021bie \u0219i mie de folos, pentru aceasta \u021bi l-am trimis, pe el \u00eensu\u0219i, adic\u0103 inima mea; prime\u0219te-l&#8221;. (Ep. Fm 1, 9, 10, 11, 12)Filimon a f\u0103cut aceasta cu bucurie, c\u0103ci nu numai c\u0103 l-a primit cu dragoste pe Onisim, ci i-a d\u0103ruit libertate \u0219i l-a trimis iar\u0103\u0219i la Roma, la Sf\u00e2ntul Apostol Pavel, ca s\u0103-i slujeasc\u0103 acolo.La Roma, Sf\u00e2ntul Onisim a r\u0103mas &#8222;slujind sfin\u021bilor apostoli, p\u00e2n\u0103 la sf\u00e2r\u0219itul lor. Apoi a fost pus de d\u00e2n\u0219ii episcop pentru bun\u0103vestirea cuv\u00e2ntului, iar dup\u0103 sf\u00e2r\u0219itul lor, ie\u0219ind din Roma, a str\u0103b\u0103tut multe cet\u0103\u021bi \u0219i \u021b\u0103ri propov\u0103duind pe Hristos \u00een Spania, Carpetania, Colose, Patra. Apoi a luat scaunul \u00een Efes, dup\u0103 Sf\u00e2ntul Timotei \u0219i dup\u0103 Sf\u00e2ntul Ioan, Cuv\u00e2nt\u0103torul de Dumnezeu&#8221;. (Vie\u021bile Sfin\u021bilor)Perioada, \u00een care a fost episcop \u00een Efes, este \u00eensemnat\u0103 prin scrisoarea Sf\u00e2ntului Ignatie de Dumnezeu purt\u0103torul, pe care a scris-o din Smirna c\u0103tre efeseni, c\u00e2nd l-a \u00eent\u00e2mpinat Sf\u00e2ntul Onisim pe cale, cu c\u00e2\u021biva efeseni.Fiind dus Sf\u00e2ntul Ignatie din Antiohia la Roma, spre a fi dat spre m\u00e2ncarea fiarelor, \u00een Colosseum, scrie c\u0103tre efeseni astfel: &#8222;\u00cen numele lui Dumnezeu am primit pe to\u021bi, pentru Onisim, episcopul vostru, care este nespus \u00een dragoste, pe care \u00eel rog \u00eentru Iisus Hristos s\u0103 v\u0103 iubeasc\u0103, iar pe voi v\u0103 rog s\u0103-i fi\u021bi lui asemenea, c\u0103ci binecuv\u00e2ntat este cel ce v-a \u00eenvrednicit a avea un episcop ca acesta&#8221;. (Vie\u021bile Sfin\u021bilor)Sf\u00e2ntul Onisim a suferit multe chinuri \u0219i a fost ucis \u00een timpul \u00eemp\u0103ratului roman Traian (98-117) pentru propov\u0103duirea Evangheliei lui Hristos.\u00cenainte de aceasta a fost \u021binut \u00een temni\u021ba cea mai \u00eentunecat\u0103 \u0219i mai \u00eenfrico\u0219\u0103toare, \u00een care a petrecut 18 zile ca \u00een raiul cel luminos \u0219i \u00een locul cel r\u0103coros, veselindu-se \u00eentru Domnul Dumnezeul s\u0103u. \u0218i \u00eenchis fiind, se adunau la d\u00e2nsul credincio\u0219i, &#8222;care \u00eei fericeau p\u0103timirea lui \u0219i cu cuvintele lor \u00eel \u00eent\u0103reau spre nevoin\u021b\u0103. Iar pe cei care erau necredincio\u0219i, propov\u0103duindu-le sf\u00e2ntul cuv\u00e2ntul lui Dumnezeu, \u00eei pov\u0103\u021buia la calea cuno\u0219tin\u021bei adev\u0103rului&#8221;. (sursa: vol. &#8222;Vie\u021bile Sfin\u021bilor&#8221;)<\/p>","protected":false},"excerpt":{"rendered":"<p>Sf\u00e2ntul Onisim a fost unul dintre ucenicii Sf\u00e2ntului Apostol Pavel. \u00cens\u0103, \u00eenainte de aceasta, Sf\u00e2ntul&hellip;<\/p>\n","protected":false},"author":0,"featured_media":31925,"comment_status":"open","ping_status":"open","sticky":false,"template":"","format":"standard","meta":{"footnotes":""},"categories":[2],"tags":[],"class_list":["post-31930","post","type-post","status-publish","format-standard","has-post-thumbnail","hentry","category-actual"],"_links":{"self":[{"href":"https:\/\/247stiri.ro\/index.php\/wp-json\/wp\/v2\/posts\/31930","targetHints":{"allow":["GET"]}}],"collection":[{"href":"https:\/\/247stiri.ro\/index.php\/wp-json\/wp\/v2\/posts"}],"about":[{"href":"https:\/\/247stiri.ro\/index.php\/wp-json\/wp\/v2\/types\/post"}],"replies":[{"embeddable":true,"href":"https:\/\/247stiri.ro\/index.php\/wp-json\/wp\/v2\/comments?post=31930"}],"version-history":[{"count":0,"href":"https:\/\/247stiri.ro\/index.php\/wp-json\/wp\/v2\/posts\/31930\/revisions"}],"wp:featuredmedia":[{"embeddable":true,"href":"https:\/\/247stiri.ro\/index.php\/wp-json\/wp\/v2\/media\/31925"}],"wp:attachment":[{"href":"https:\/\/247stiri.ro\/index.php\/wp-json\/wp\/v2\/media?parent=31930"}],"wp:term":[{"taxonomy":"category","embeddable":true,"href":"https:\/\/247stiri.ro\/index.php\/wp-json\/wp\/v2\/categories?post=31930"},{"taxonomy":"post_tag","embeddable":true,"href":"https:\/\/247stiri.ro\/index.php\/wp-json\/wp\/v2\/tags?post=31930"}],"curies":[{"name":"wp","href":"https:\/\/api.w.org\/{rel}","templated":true}]}}