{"id":31931,"date":"2025-02-15T06:44:59","date_gmt":"2025-02-15T06:44:59","guid":{"rendered":"https:\/\/247stiri.ro\/index.php\/2025\/02\/15\/cum-a-incercat-ilie-bolojan-sa-aduca-universitatea-lui-soros-in-romania\/"},"modified":"2025-02-15T06:44:59","modified_gmt":"2025-02-15T06:44:59","slug":"cum-a-incercat-ilie-bolojan-sa-aduca-universitatea-lui-soros-in-romania","status":"publish","type":"post","link":"https:\/\/247stiri.ro\/index.php\/2025\/02\/15\/cum-a-incercat-ilie-bolojan-sa-aduca-universitatea-lui-soros-in-romania\/","title":{"rendered":"Cum a \u00eencercat Ilie Bolojan s\u0103 aduc\u0103 universitatea lui Soro\u0219 \u00een Rom\u00e2nia"},"content":{"rendered":"<p>Ilie Bolojan a \u00eencercat s\u0103 aduc\u0103 Universitatea Central European\u0103, institu\u021bia creat\u0103 de filantropul George Soros american \u00een Budapesta, la Oradea, \u00een 2017. Pre\u0219edintele Interimar al Rom\u00e2niei scria pe Facebook la acea dat\u0103: \u201e\u00cen condi\u0163iile \u00een care Ungaria \u015fi-a modificat legisla\u0163ia privind func\u0163ionarea institu\u0163iilor de \u00eenv\u0103\u0163\u0103m\u00e2nt acreditate \u015fi \u00een alte \u0163\u0103ri, ceea ce va face ca Universitatea Central European\u0103 (CEU) s\u0103 nu mai poat\u0103 func\u0163iona la Budapesta, cred c\u0103 ar fi o idee bun\u0103 s\u0103 facem o ofert\u0103 acestei universit\u0103\u0163i de prestigiu pentru a func\u0163iona \u00een viitor la Oradea. Am c\u00e2\u015ftiga un centru de excelen\u0163\u0103 cu deschidere interna\u0163ional\u0103 pentru ora\u015ful nostru \u015fi am dovedi \u00eenc\u0103 o dat\u0103 voca\u0163ia central-european\u0103 a ora\u015fului Oradea.\u201d<\/p>\n<p>La scurt timp dup\u0103 ce Bolojan a f\u0103cut anun\u021bul, primarul de la acea perioad\u0103 al municipiului Arad \u0219i-a exprimat \u0219i el interesul fa\u021b\u0103 de relocarea Universit\u0103\u021bii Central Europene. Mai mult dec\u00e2t at\u00e2t, Gheorghe Falc\u0103 i-a transmis rectorului institu\u021biei o scrisoare \u00een care \u00ee\u0219i exprima solidaritatea fa\u021b\u0103 de situa\u021bie. \u00cen plus, edilul Gheoghe Falc\u0103 i-a prezentat \u0219i o ofert\u0103 care viza punerea la dispozi\u021bie a dou\u0103 cl\u0103diri, a c\u0103ror suprafa\u021b\u0103 dep\u0103\u0219eau 6 mii de metri p\u0103tra\u021bi.<\/p>\n<p><a title='Unde va locui Ilie Bolojan pe perioada interimatului. Decizia, luata \"pentru eficientizarea activitatii si limitarea cheltuielilor\"' href=\"https:\/\/www.realitatea.net\/stiri\/politica\/unde-va-locui-ilie-bolojan-pe-perioada-interimatului-decizia-luata-pentru-eficientizarea-activitatii-si-pentru-limitarea-cheltuielilor_67af0c158b24b66979560d86\">Unde va locui Ilie Bolojan pe perioada interimatului. Decizia, luat\u0103 &#8222;pentru eficientizarea activit\u0103\u021bii \u0219i limitarea cheltuielilor&#8221;<\/a><\/p>\n<p>\u00cen anul 2017, Ungaria \u0219i-a modificat legisla\u021bia referitoare la func\u021bionarea institu\u021biilor de \u00eenv\u0103\u021b\u0103m\u00e2nt acreditate \u0219i \u00een alte \u021b\u0103ri, fapt care f\u0103cea ca Universitatea \u00eenfiin\u021bat\u0103 de miliardarul maghiar s\u0103 nu mai poat\u0103 func\u021biona la Budapesta. Premierul ungar Viktor Orban a acuzat Universitatea Central-Europeana din Budapesta c\u0103 a \u201etri\u0219at\u201d \u00een procesul de acordare a diplomelor \u0219i c\u0103 \u00eencalc\u0103 reglement\u0103rile \u021b\u0103rii sale. Orban a criticat ONG-urile finan\u021bate de Soros, care urmeaza modelul \u201eSocietate Deschisa\u201d, care au protestat la momentul respectiv fa\u021b\u0103 de \u00eenchiderea universit\u0103\u021bii. Viktor Orban a fost beneficiarul unei burse finan\u021bate de c\u0103tre un ONG al lui George Soros, dar acum este unul dintre cei mai mari adversari ai s\u0103i.<\/p>\n<p>George Soros este unul dintre principalii adversari ai lui Donald Trump. Filantropul de origine maghiar\u0103 a pierdut aproximativ un miliard de dolari \u00een urma victoriei lui candidatului republican \u00een fa\u021ba lui Hillary Clinton.<\/p>\n<p>Cu toate astea, la \u00eenceputul acestui an, Joe Biden l-a decorat pe mogulul miliardar cu Medalia Libert\u0103\u021bii. Alegerea fostului pre\u0219edinte a creat o revolt\u0103 \u00een r\u00e2ndul sus\u021bin\u0103torilor lui Donald Trump.\u00a0<\/p>\n<p><a title=\"Prima reactie de la Cotroceni la acuzatiile aduse de vicepresedintele SUA la adresa alegerilor prezidentiale din Romania\" href=\"https:\/\/www.realitatea.net\/stiri\/actual\/prima-reactie-de-la-cotroceni-la-acuzatiile-aduse-de-vicepresedintele-sua-la-adresa-alegerilor-prezidentiale-din-romania_67af6de88277247970059ca5\">Prima reac\u021bie de la Cotroceni la acuza\u021biile aduse de vicepre\u0219edintele SUA la adresa alegerilor preziden\u021biale din Rom\u00e2nia<\/a><\/p>","protected":false},"excerpt":{"rendered":"<p>Ilie Bolojan a \u00eencercat s\u0103 aduc\u0103 Universitatea Central European\u0103, institu\u021bia creat\u0103 de filantropul George Soros&hellip;<\/p>\n","protected":false},"author":0,"featured_media":31932,"comment_status":"open","ping_status":"open","sticky":false,"template":"","format":"standard","meta":{"footnotes":""},"categories":[2],"tags":[],"class_list":["post-31931","post","type-post","status-publish","format-standard","has-post-thumbnail","hentry","category-actual"],"_links":{"self":[{"href":"https:\/\/247stiri.ro\/index.php\/wp-json\/wp\/v2\/posts\/31931","targetHints":{"allow":["GET"]}}],"collection":[{"href":"https:\/\/247stiri.ro\/index.php\/wp-json\/wp\/v2\/posts"}],"about":[{"href":"https:\/\/247stiri.ro\/index.php\/wp-json\/wp\/v2\/types\/post"}],"replies":[{"embeddable":true,"href":"https:\/\/247stiri.ro\/index.php\/wp-json\/wp\/v2\/comments?post=31931"}],"version-history":[{"count":0,"href":"https:\/\/247stiri.ro\/index.php\/wp-json\/wp\/v2\/posts\/31931\/revisions"}],"wp:featuredmedia":[{"embeddable":true,"href":"https:\/\/247stiri.ro\/index.php\/wp-json\/wp\/v2\/media\/31932"}],"wp:attachment":[{"href":"https:\/\/247stiri.ro\/index.php\/wp-json\/wp\/v2\/media?parent=31931"}],"wp:term":[{"taxonomy":"category","embeddable":true,"href":"https:\/\/247stiri.ro\/index.php\/wp-json\/wp\/v2\/categories?post=31931"},{"taxonomy":"post_tag","embeddable":true,"href":"https:\/\/247stiri.ro\/index.php\/wp-json\/wp\/v2\/tags?post=31931"}],"curies":[{"name":"wp","href":"https:\/\/api.w.org\/{rel}","templated":true}]}}