{"id":31943,"date":"2025-02-15T07:45:32","date_gmt":"2025-02-15T07:45:32","guid":{"rendered":"https:\/\/247stiri.ro\/index.php\/2025\/02\/15\/televiziunea-de-stat-din-rusia-jubileaza-dupa-discursul-lui-jd-vance-la-munchen-a-fost-o-bataie-publica-nu-o-pot-numi-altfel\/"},"modified":"2025-02-15T07:45:32","modified_gmt":"2025-02-15T07:45:32","slug":"televiziunea-de-stat-din-rusia-jubileaza-dupa-discursul-lui-jd-vance-la-munchen-a-fost-o-bataie-publica-nu-o-pot-numi-altfel","status":"publish","type":"post","link":"https:\/\/247stiri.ro\/index.php\/2025\/02\/15\/televiziunea-de-stat-din-rusia-jubileaza-dupa-discursul-lui-jd-vance-la-munchen-a-fost-o-bataie-publica-nu-o-pot-numi-altfel\/","title":{"rendered":"Televiziunea de stat din Rusia jubileaz\u0103 dup\u0103 discursul lui JD Vance la Munchen: \u201eA fost o b\u0103taie public\u0103, nu o pot numi altfel\u201d"},"content":{"rendered":"<p>\u201eA fost foarte frumos s\u0103 ascult\u0103m discursul foarte puternic al lui Vance\u201d, a spus un corespondent al Rossiya 1, unul dintre cele mai vizionate posturi de televiziune din Rusia, potrivit BBC.<\/p>\n<p>\u201eA fost o b\u0103taie public\u0103, nu o pot numi altfel. De asemenea, a fost pl\u0103cut s\u0103 v\u0103d fe\u021bele celor care \u00eel ascultau\u201d, a spus Asia Yemelianova, corespondentul televiziunii de stat din Federa\u021bia Rus\u0103, care a ad\u0103ugat c\u0103 Vance este \u00eengrijorat de \u201eamenin\u021barea din interior\u201d mai degrab\u0103 dec\u00e2t de interferen\u021ba rus\u0103 sau chinez\u0103 \u00een Europa.<\/p>\n<p>\u00cen cadrul emisiunii respective, corespondentul Rossya 1 a\u00a0 f\u0103cut ecoul afirma\u021biei vicepre\u0219edintelui SUA conform c\u0103reia democra\u021bia \u0219i libertatea de exprimare sunt \u00een declin \u00een Europa.<\/p>\n<p><a title=\"Mesajele indirecte trimise de JD Vance la Munchen. Dan Dungaciu, analiza momentului cu privire la discursul omului lui Trump \" href=\"https:\/\/www.realitatea.net\/stiri\/actual\/mesajele-indirecte-trimise-de-jd-vance-la-munchen-dan-dungaciu-analiza-momentului-cu-privire-la-discursul-omului-lui-trump_67b035409f1c9c044a0040e2\">Mesajele indirecte trimise de JD Vance la Munchen. Dan Dungaciu, analiza momentului cu privire la discursul omului lui Trump<\/a><\/p>","protected":false},"excerpt":{"rendered":"<p>\u201eA fost foarte frumos s\u0103 ascult\u0103m discursul foarte puternic al lui Vance\u201d, a spus un&hellip;<\/p>\n","protected":false},"author":0,"featured_media":31936,"comment_status":"open","ping_status":"open","sticky":false,"template":"","format":"standard","meta":{"footnotes":""},"categories":[2],"tags":[],"class_list":["post-31943","post","type-post","status-publish","format-standard","has-post-thumbnail","hentry","category-actual"],"_links":{"self":[{"href":"https:\/\/247stiri.ro\/index.php\/wp-json\/wp\/v2\/posts\/31943","targetHints":{"allow":["GET"]}}],"collection":[{"href":"https:\/\/247stiri.ro\/index.php\/wp-json\/wp\/v2\/posts"}],"about":[{"href":"https:\/\/247stiri.ro\/index.php\/wp-json\/wp\/v2\/types\/post"}],"replies":[{"embeddable":true,"href":"https:\/\/247stiri.ro\/index.php\/wp-json\/wp\/v2\/comments?post=31943"}],"version-history":[{"count":0,"href":"https:\/\/247stiri.ro\/index.php\/wp-json\/wp\/v2\/posts\/31943\/revisions"}],"wp:featuredmedia":[{"embeddable":true,"href":"https:\/\/247stiri.ro\/index.php\/wp-json\/wp\/v2\/media\/31936"}],"wp:attachment":[{"href":"https:\/\/247stiri.ro\/index.php\/wp-json\/wp\/v2\/media?parent=31943"}],"wp:term":[{"taxonomy":"category","embeddable":true,"href":"https:\/\/247stiri.ro\/index.php\/wp-json\/wp\/v2\/categories?post=31943"},{"taxonomy":"post_tag","embeddable":true,"href":"https:\/\/247stiri.ro\/index.php\/wp-json\/wp\/v2\/tags?post=31943"}],"curies":[{"name":"wp","href":"https:\/\/api.w.org\/{rel}","templated":true}]}}