{"id":31960,"date":"2025-02-15T09:45:11","date_gmt":"2025-02-15T09:45:11","guid":{"rendered":"https:\/\/247stiri.ro\/index.php\/2025\/02\/15\/urmeaza-trei-zile-de-frig-crunt-anm-a-transmis-o-informare-de-intensificari-ale-vantului-vreme-rece-nopti-si-dimineti-geroase\/"},"modified":"2025-02-15T09:45:11","modified_gmt":"2025-02-15T09:45:11","slug":"urmeaza-trei-zile-de-frig-crunt-anm-a-transmis-o-informare-de-intensificari-ale-vantului-vreme-rece-nopti-si-dimineti-geroase","status":"publish","type":"post","link":"https:\/\/247stiri.ro\/index.php\/2025\/02\/15\/urmeaza-trei-zile-de-frig-crunt-anm-a-transmis-o-informare-de-intensificari-ale-vantului-vreme-rece-nopti-si-dimineti-geroase\/","title":{"rendered":"Urmeaz\u0103 trei zile de frig crunt. ANM a transmis o informare de intensific\u0103ri ale v\u00e2ntului, vreme rece, nop\u021bi \u0219i dimine\u021bi geroase"},"content":{"rendered":"<p>Potrivit meteorologilor, pe parcursul zilei de s\u00e2mb\u0103t\u0103 (15 februarie) vor fi precipita\u021bii predominant sub form\u0103 de ninsoare \u00een sudul \u0219i estul Transilvaniei \u0219i pe arii restr\u00e2nse \u00een Moldova. \u00cen Muntenia \u0219i local \u00een Oltenia \u0219i Dobrogea la \u00eenceput vor fi ploi \u0219i lapovi\u021b\u0103, apoi doar ninsori. Izolat se va forma polei.Din seara zilei de s\u00e2mb\u0103t\u0103 \u0219i p\u00e2n\u0103 mar\u021bi diminea\u021ba temporar va ninge \u00een sud, sud-est \u0219i par\u021bial \u00een centru \u0219i se va depune strat de z\u0103pad\u0103 (\u00een general 5-10 cm).Temporar v\u00e2ntul va avea intensific\u0103ri pe parcursul zilei de s\u00e2mb\u0103t\u0103 \u00een regiunile vestice, estice \u0219i sud-estice cu viteze \u00een general de 40-50 km\/h, iar duminic\u0103 \u0219i luni va fi \u00een general moderat \u00een sud (viteze de 25-40 km\/h), iar pe litoral temporar va prezenta intensific\u0103ri cu rafale de p\u00e2n\u0103 la 40-45 km\/h.&#8217;Vremea va fi rece \u00een toate regiunile p\u00e2n\u0103 spre finalul s\u0103pt\u0103m\u00e2nii viitoare \u0219i vor fi nop\u021bi \u0219i dimine\u021bi geroase, la \u00eenceput \u00een nordul teritoriului \u0219i \u00een depresiuni, apoi local \u0219i \u00een rest, iar ziua vor fi temperaturi preponderent negative&#8217;, afirm\u0103 speciali\u0219tii ANM.<\/p>\n<p><a title=\"Prognoza meteo, 15 februarie. Iarna isi intra in drepturi. Cod Galben de ninsori viscolite in mai multe judete\" href=\"https:\/\/www.realitatea.net\/stiri\/actual\/prognoza-meteo-15-februarie-iarna-isi-intra-in-drepturi-va-ninge-viscolit-in-mai-multe-regiuni-ale-tarii_67b0253a596934113b5ce553\">Prognoza meteo, 15 februarie. Iarna \u00ee\u0219i intr\u0103 \u00een drepturi. Cod Galben de ninsori viscolite \u00een mai multe jude\u021be<\/a><\/p>","protected":false},"excerpt":{"rendered":"<p>Potrivit meteorologilor, pe parcursul zilei de s\u00e2mb\u0103t\u0103 (15 februarie) vor fi precipita\u021bii predominant sub form\u0103&hellip;<\/p>\n","protected":false},"author":0,"featured_media":31961,"comment_status":"open","ping_status":"open","sticky":false,"template":"","format":"standard","meta":{"footnotes":""},"categories":[2],"tags":[],"class_list":["post-31960","post","type-post","status-publish","format-standard","has-post-thumbnail","hentry","category-actual"],"_links":{"self":[{"href":"https:\/\/247stiri.ro\/index.php\/wp-json\/wp\/v2\/posts\/31960","targetHints":{"allow":["GET"]}}],"collection":[{"href":"https:\/\/247stiri.ro\/index.php\/wp-json\/wp\/v2\/posts"}],"about":[{"href":"https:\/\/247stiri.ro\/index.php\/wp-json\/wp\/v2\/types\/post"}],"replies":[{"embeddable":true,"href":"https:\/\/247stiri.ro\/index.php\/wp-json\/wp\/v2\/comments?post=31960"}],"version-history":[{"count":0,"href":"https:\/\/247stiri.ro\/index.php\/wp-json\/wp\/v2\/posts\/31960\/revisions"}],"wp:featuredmedia":[{"embeddable":true,"href":"https:\/\/247stiri.ro\/index.php\/wp-json\/wp\/v2\/media\/31961"}],"wp:attachment":[{"href":"https:\/\/247stiri.ro\/index.php\/wp-json\/wp\/v2\/media?parent=31960"}],"wp:term":[{"taxonomy":"category","embeddable":true,"href":"https:\/\/247stiri.ro\/index.php\/wp-json\/wp\/v2\/categories?post=31960"},{"taxonomy":"post_tag","embeddable":true,"href":"https:\/\/247stiri.ro\/index.php\/wp-json\/wp\/v2\/tags?post=31960"}],"curies":[{"name":"wp","href":"https:\/\/api.w.org\/{rel}","templated":true}]}}