{"id":31962,"date":"2025-02-15T09:45:12","date_gmt":"2025-02-15T09:45:12","guid":{"rendered":"https:\/\/247stiri.ro\/index.php\/2025\/02\/15\/program-incarcat-pentru-ministrul-afacerilor-externe-la-conferinta-de-la-munchen-cu-cine-a-avut-intrevederi-emil-hurezeanu\/"},"modified":"2025-02-15T09:45:12","modified_gmt":"2025-02-15T09:45:12","slug":"program-incarcat-pentru-ministrul-afacerilor-externe-la-conferinta-de-la-munchen-cu-cine-a-avut-intrevederi-emil-hurezeanu","status":"publish","type":"post","link":"https:\/\/247stiri.ro\/index.php\/2025\/02\/15\/program-incarcat-pentru-ministrul-afacerilor-externe-la-conferinta-de-la-munchen-cu-cine-a-avut-intrevederi-emil-hurezeanu\/","title":{"rendered":"Program \u00eenc\u0103rcat pentru ministrul Afacerilor Externe la Conferin\u021ba de la Munchen. Cu cine a avut \u00eentrevederi Emil Hurezeanu"},"content":{"rendered":"<p>\u0218eful diploma\u021biei de la Bucure\u0219ti s-a \u00eent\u00e2lnit cu noul viceprim-ministru \u0219i ministru al afacerilor externe, europene \u0219i al cooper\u0103rii pentru dezvoltare al Belgiei, Maxime Prevot, cu noul ministru al afacerilor externe al Bulgariei, Georg Georgiev, cu ministrul afacerilor externe al Turciei, Hakan Fidan, cu ministrul afacerilor externe, emigra\u021biei \u0219i expatria\u021bilor al R.A. Egipt, Badr Abdellatty, dar \u0219i cu reprezentan\u021bi ai Congresului SUA &#8211; o delega\u021bie a Camerei Reprezentan\u021bilor, a informat s\u00e2mb\u0103t\u0103 MAE, \u00eentr-un comunicat transmis Agerpres.De asemenea, oficialul rom\u00e2n a avut o \u00eent\u00e2lnire cu liderul opozi\u021biei belaruse, Sviatlana Tsikhanouskaya, \u00een cadrul c\u0103reia a exprimat \u00eengrijorarea Rom\u00e2niei fa\u021b\u0103 de intensificarea represiunilor, intimid\u0103rilor, arest\u0103rilor \u0219i condamn\u0103rilor politice care vizeaz\u0103 mass-media, activi\u0219tii \u0219i \u00eentreaga societate civil\u0103 din Belarus. Ministrul rom\u00e2n al afacerilor externe a evocat importan\u021ba unit\u0103\u021bii opozi\u021biei belaruse \u00een exil \u0219i necesitatea unei ac\u021biuni coordonate pentru promovarea aspira\u021biilor democratice ale cet\u0103\u021benilor.<\/p>\n<p><a title='Televiziunea de stat din Rusia jubileaza dupa discursul lui JD Vance la Munchen: ,,A fost o bataie publica, nu o pot numi altfel\"' href=\"https:\/\/www.realitatea.net\/stiri\/actual\/televiziunea-de-stat-din-rusia-jubileaza-dupa-discursul-lui-jd-vance-la-munchen-a-fost-o-bataie-publica-nu-o-pot-numi-altfel_67b03bbb8359295d5d132332\">Televiziunea de stat din Rusia jubileaz\u0103 dup\u0103 discursul lui JD Vance la Munchen: \u201eA fost o b\u0103taie public\u0103, nu o pot numi altfel\u201d<\/a>Tot \u00een contextul Conferin\u021bei de la Munchen, Emil Hurezeanu s-a \u00eent\u00e2lnit cu pre\u0219edintele executiv al organiza\u021biei American Jewish Committee, Ted Deutch, cu un grup de veterani de pe frontul ucrainean \u0219i cu membrii de familie a unor ostatici israelieni \u00een F\u00e2\u0219ia Gaza.Ministrul rom\u00e2n de Externe a participat, totodat\u0103, la evenimentul cu tema &#8216;A Free and Open Black Sea: Evaluating Challenges on Connectivity, Global Food Security and Energy in the Region&#8217;, eviden\u021biind cu aceast\u0103 ocazie importan\u021ba strategic\u0103 a M\u0103rii Negre at\u00e2t din perspectiva asigur\u0103rii securit\u0103\u021bii euroatlantice, c\u00e2t \u0219i din cea a facilit\u0103rii conexiunilor dintre Europa \u0219i Asia. El a semnalat deteriorarea suplimentar\u0103 a situa\u021biei de securitate din regiunea M\u0103rii Negre, pe fondul r\u0103zboiului de agresiune al Rusiei \u00eempotriva Ucrainei.Demnitarul rom\u00e2n a prezentat proiectele \u0219i ini\u021biativele regionale menite s\u0103 contribuie at\u00e2t la securitatea regiunii, c\u00e2t \u0219i la valorificarea poten\u021bialului acesteia din perspectiva conectivit\u0103\u021bii. Hurezeanu a subliniat importan\u021ba cooper\u0103rii la nivel european \u0219i euroatlantic pentru atingerea acestor obiective, inclusiv prin continuarea unei prezen\u021be NATO robuste la Marea Neagr\u0103, adoptarea unei Strategii UE privind Marea Neagr\u0103 \u0219i implementarea deplin\u0103 a Strategiei SUA privind Marea Neagr\u0103, informeaz\u0103 MAE.\u00a0<\/p>\n<p><a title=\"Mesajele indirecte trimise de JD Vance la Munchen. Dan Dungaciu, analiza momentului cu privire la discursul omului lui Trump \" href=\"https:\/\/www.realitatea.net\/stiri\/actual\/mesajele-indirecte-trimise-de-jd-vance-la-munchen-dan-dungaciu-analiza-momentului-cu-privire-la-discursul-omului-lui-trump_67b035409f1c9c044a0040e2\">Mesajele indirecte trimise de JD Vance la Munchen. Dan Dungaciu, analiza momentului cu privire la discursul omului lui Trump<\/a>\u00a0<\/p>","protected":false},"excerpt":{"rendered":"<p>\u0218eful diploma\u021biei de la Bucure\u0219ti s-a \u00eent\u00e2lnit cu noul viceprim-ministru \u0219i ministru al afacerilor externe,&hellip;<\/p>\n","protected":false},"author":0,"featured_media":31955,"comment_status":"open","ping_status":"open","sticky":false,"template":"","format":"standard","meta":{"footnotes":""},"categories":[2],"tags":[],"class_list":["post-31962","post","type-post","status-publish","format-standard","has-post-thumbnail","hentry","category-actual"],"_links":{"self":[{"href":"https:\/\/247stiri.ro\/index.php\/wp-json\/wp\/v2\/posts\/31962","targetHints":{"allow":["GET"]}}],"collection":[{"href":"https:\/\/247stiri.ro\/index.php\/wp-json\/wp\/v2\/posts"}],"about":[{"href":"https:\/\/247stiri.ro\/index.php\/wp-json\/wp\/v2\/types\/post"}],"replies":[{"embeddable":true,"href":"https:\/\/247stiri.ro\/index.php\/wp-json\/wp\/v2\/comments?post=31962"}],"version-history":[{"count":0,"href":"https:\/\/247stiri.ro\/index.php\/wp-json\/wp\/v2\/posts\/31962\/revisions"}],"wp:featuredmedia":[{"embeddable":true,"href":"https:\/\/247stiri.ro\/index.php\/wp-json\/wp\/v2\/media\/31955"}],"wp:attachment":[{"href":"https:\/\/247stiri.ro\/index.php\/wp-json\/wp\/v2\/media?parent=31962"}],"wp:term":[{"taxonomy":"category","embeddable":true,"href":"https:\/\/247stiri.ro\/index.php\/wp-json\/wp\/v2\/categories?post=31962"},{"taxonomy":"post_tag","embeddable":true,"href":"https:\/\/247stiri.ro\/index.php\/wp-json\/wp\/v2\/tags?post=31962"}],"curies":[{"name":"wp","href":"https:\/\/api.w.org\/{rel}","templated":true}]}}