{"id":31974,"date":"2025-02-15T12:45:44","date_gmt":"2025-02-15T12:45:44","guid":{"rendered":"https:\/\/247stiri.ro\/index.php\/2025\/02\/15\/accident-tragic-in-arges-un-autoturism-a-luat-foc-la-o-iesire-de-pe-a1-doua-persoane-au-fost-gasite-decedate\/"},"modified":"2025-02-15T12:45:44","modified_gmt":"2025-02-15T12:45:44","slug":"accident-tragic-in-arges-un-autoturism-a-luat-foc-la-o-iesire-de-pe-a1-doua-persoane-au-fost-gasite-decedate","status":"publish","type":"post","link":"https:\/\/247stiri.ro\/index.php\/2025\/02\/15\/accident-tragic-in-arges-un-autoturism-a-luat-foc-la-o-iesire-de-pe-a1-doua-persoane-au-fost-gasite-decedate\/","title":{"rendered":"Accident tragic \u00een Arge\u0219. Un autoturism a luat foc la o ie\u0219ire de pe A1. Dou\u0103 persoane au fost g\u0103site decedate"},"content":{"rendered":"<p>Potrivit informa\u021biilor comunicate de Inspectoratul pentru Situa\u021bii de Urgen\u021b\u0103 (ISU) Arge\u0219, accidentul s-a produs \u00een zona intersec\u021biei de la Podul Viilor.&#8217;Este vorba despre un autoturism ie\u0219it \u00een afara p\u0103r\u021bii carosabile, care ulterior a luat foc. Echipajele operative ajunse la locul solicit\u0103rii au identificat \u00een interiorul vehiculului dou\u0103 victime, carbonizate. (&#8230;) La sosirea colegilor no\u0219tri, incendiul se manifesta generalizat \u00een interiorul habitaclului autoturismului&#8217;, au transmis reprezentan\u021bii ISU Arge\u0219.Pompierii au reu\u0219it s\u0103 sting\u0103 incendiul, \u00een interiorul autoturismului fiind g\u0103site cele dou\u0103 victime, un b\u0103rbat \u0219i o femeie.Poli\u021bi\u0219tii au deschis o anchet\u0103 pentru stabilirea \u00eemprejur\u0103rilor \u00een care s-a produs evenimentul rutier.&#8217;Breteaua de ie\u0219ire de pe Autostrada A1 c\u0103tre zona Podul Viilor din municipiul Pite\u0219ti &#8211; eveniment rutier cu auto care a ie\u0219it \u00een afara carosabilului, ulterior lu\u00e2nd foc. Din primele date, dou\u0103 persoane decedate se afl\u0103 \u00een interior. Poli\u021bi\u0219tii din cadrul Biroului Poli\u021bie Autostr\u0103zi &#8211; Autostrada A1 sunt la fa\u021ba locului pentru cercet\u0103ri&#8217;, se arat\u0103 \u00eentr-o informare transmis\u0103 de Inspectoratul de Poli\u021bie Jude\u021bean Arge\u0219.\u00a0<\/p>\n<p><a title=\"Sase autoturisme au ars complet intr-un incendiu la un service auto din Buzau\" href=\"https:\/\/www.realitatea.net\/stiri\/actual\/sase-autoturisme-au-ars-complet-intrun-incendiu-la-un-service-auto-din-buzau_67b05a78a1aade117579aa32\">\u0218ase autoturisme au ars complet \u00eentr-un incendiu la un service auto din Buz\u0103u<\/a><\/p>","protected":false},"excerpt":{"rendered":"<p>Potrivit informa\u021biilor comunicate de Inspectoratul pentru Situa\u021bii de Urgen\u021b\u0103 (ISU) Arge\u0219, accidentul s-a produs \u00een&hellip;<\/p>\n","protected":false},"author":0,"featured_media":31975,"comment_status":"open","ping_status":"open","sticky":false,"template":"","format":"standard","meta":{"footnotes":""},"categories":[2],"tags":[],"class_list":["post-31974","post","type-post","status-publish","format-standard","has-post-thumbnail","hentry","category-actual"],"_links":{"self":[{"href":"https:\/\/247stiri.ro\/index.php\/wp-json\/wp\/v2\/posts\/31974","targetHints":{"allow":["GET"]}}],"collection":[{"href":"https:\/\/247stiri.ro\/index.php\/wp-json\/wp\/v2\/posts"}],"about":[{"href":"https:\/\/247stiri.ro\/index.php\/wp-json\/wp\/v2\/types\/post"}],"replies":[{"embeddable":true,"href":"https:\/\/247stiri.ro\/index.php\/wp-json\/wp\/v2\/comments?post=31974"}],"version-history":[{"count":0,"href":"https:\/\/247stiri.ro\/index.php\/wp-json\/wp\/v2\/posts\/31974\/revisions"}],"wp:featuredmedia":[{"embeddable":true,"href":"https:\/\/247stiri.ro\/index.php\/wp-json\/wp\/v2\/media\/31975"}],"wp:attachment":[{"href":"https:\/\/247stiri.ro\/index.php\/wp-json\/wp\/v2\/media?parent=31974"}],"wp:term":[{"taxonomy":"category","embeddable":true,"href":"https:\/\/247stiri.ro\/index.php\/wp-json\/wp\/v2\/categories?post=31974"},{"taxonomy":"post_tag","embeddable":true,"href":"https:\/\/247stiri.ro\/index.php\/wp-json\/wp\/v2\/tags?post=31974"}],"curies":[{"name":"wp","href":"https:\/\/api.w.org\/{rel}","templated":true}]}}