{"id":31976,"date":"2025-02-15T12:45:45","date_gmt":"2025-02-15T12:45:45","guid":{"rendered":"https:\/\/247stiri.ro\/index.php\/2025\/02\/15\/ciolacu-s-a-transformat-in-catarator-de-ocazie-ca-sa-isi-salveze-pisica-si-sa-si-mai-imbunatateasca-imaginea-publica\/"},"modified":"2025-02-15T12:45:45","modified_gmt":"2025-02-15T12:45:45","slug":"ciolacu-s-a-transformat-in-catarator-de-ocazie-ca-sa-isi-salveze-pisica-si-sa-si-mai-imbunatateasca-imaginea-publica","status":"publish","type":"post","link":"https:\/\/247stiri.ro\/index.php\/2025\/02\/15\/ciolacu-s-a-transformat-in-catarator-de-ocazie-ca-sa-isi-salveze-pisica-si-sa-si-mai-imbunatateasca-imaginea-publica\/","title":{"rendered":"Ciolacu s-a transformat \u00een c\u0103\u021b\u0103r\u0103tor de ocazie ca s\u0103 \u00ee\u0219i salveze pisica \u0219i s\u0103-\u0219i mai \u00eembun\u0103t\u0103\u021beasc\u0103 imaginea public\u0103"},"content":{"rendered":"<p>Pe l\u00e2ng\u0103 negocierile politice \u0219i proiectele de lege, Premierul Marcel Ciolacu a descoperit o nou\u0103 provocare: salvarea pisicii sale, Prima, dintr-un copac.<\/p>\n<p>\u00centr-un videoclip postat pe TikTok, care a devenit rapid viral, Ciolacu a fost surprins \u00een timp ce \u00eencerca s\u0103-\u0219i salveze felina, care, evident, a decis c\u0103 o escapad\u0103 pe ramurile unui copac este o idee bun\u0103.\u00a0<\/p>\n<p>\u201eAst\u0103zi de diminea\u021b\u0103 c\u00e2nd am ie\u0219it \u00een curte am uitat s\u0103 \u00eenchid u\u0219a \u0219i normal c\u0103 pisica a fugit afar\u0103. Pisicile urc\u0103 foarte u\u0219or dar nu mai \u0219tiu s\u0103 coboare, \u0219i am escaladat \u0219i am recuperat din copaci pisica\u201d, spune Ciolacu \u00een videoclip.<\/p>\n<p>La \u00eenceput, premierul \u00eencearc\u0103 s\u0103 se \u00een\u021beleag\u0103 cu pisica, dar felina \u00eei r\u0103spunde prin mieun\u0103turi specifice. V\u0103z\u00e2nd c\u0103 nu are sor\u021bi de izb\u00e2nd\u0103, Ciolacu ia o scar\u0103, o sprijin\u0103 de un pom \u0219i \u00ee\u0219i \u00eencepe ac\u021biunea de escaladare.\u00a0<\/p>\n<p>\u201eRecuperat\u0103\u201d, spune victorios premierul la sf\u00e2r\u0219itul videoclipului, cu pisica salvat\u0103 \u00een m\u00e2n\u0103.<\/p>\n<p><a title=\"@marcel_ciolacu\" href=\"https:\/\/www.tiktok.com\/@marcel_ciolacu?refer=embed\" target=\"_blank\">@marcel_ciolacu<\/a> Prima, Prima&#8230; \ud83d\udc08 <a title=\"marcelciolacu\" href=\"https:\/\/www.tiktok.com\/tag\/marcelciolacu?refer=embed\" target=\"_blank\">#marcelciolacu<\/a> <a title=\"romania\" href=\"https:\/\/www.tiktok.com\/tag\/romania?refer=embed\" target=\"_blank\">#romania<\/a> <a title=\"emotii\" href=\"https:\/\/www.tiktok.com\/tag\/emotii?refer=embed\" target=\"_blank\">#emotii<\/a> <a title=\"prima\" href=\"https:\/\/www.tiktok.com\/tag\/prima?refer=embed\" target=\"_blank\">#prima<\/a> <a title=\"pisica\" href=\"https:\/\/www.tiktok.com\/tag\/pisica?refer=embed\" target=\"_blank\">#pisica<\/a> <a title=\"\u266c sunet original - marcel_ciolacu\" href=\"https:\/\/www.tiktok.com\/music\/sunet-original-7471580556162140950?refer=embed\" target=\"_blank\">\u266c sunet original &#8211; marcel_ciolacu<\/a><\/p>\n<p>Cum era de a\u0219teptat, reac\u021biile internau\u021bilor au fost variate. Unii s-au ar\u0103tat impresiona\u021bi de gestul lui Ciolacu:<\/p>\n<p>\u201eun mare erou! felicit\u0103ri pentru tot ce face\u021bi!\u201d<\/p>\n<p>\u201eCei cu suflet bun,iubesc anim\u0103lu\u021bele!\u201d<\/p>\n<p>Al\u021bii nu au pierdut ocazia s\u0103 \u00eel ironizeze:<\/p>\n<p>\u201eEsti mai bun ca pompier decat premier\u201d<\/p>\n<p>\u201e\u021aara arde \u0219i premierul&#8230; pe bune?\u201d<\/p>\n<p>\u201eP\u00e2n\u0103 \u0219i pisica vrea libertate !!!!\u201d<\/p>\n<p>\u201eBiata pisic\u0103 voia s\u0103 evadeze\u201d<\/p>\n<p><a title='Ciolacu raspunde criticilor vicepresedintelui american, J.D. Vance: ,,Autoritatile se angajeaza sa organizeze alegeri corecte\"' href=\"https:\/\/www.realitatea.net\/stiri\/actual\/ciolacu-raspunde-criticilor-vicepresedintelui-american-jd-vance-autoritatile-se-angajeaza-sa-organizeze-alegeri-corecte_67af8f5f5cdca512bb448c28\">Ciolacu r\u0103spunde criticilor vicepre\u0219edintelui american, J.D. Vance: \u201eAutorit\u0103\u021bile se angajeaz\u0103 s\u0103 organizeze alegeri corecte\u201d<\/a><\/p>","protected":false},"excerpt":{"rendered":"<p>Pe l\u00e2ng\u0103 negocierile politice \u0219i proiectele de lege, Premierul Marcel Ciolacu a descoperit o nou\u0103&hellip;<\/p>\n","protected":false},"author":0,"featured_media":31977,"comment_status":"open","ping_status":"open","sticky":false,"template":"","format":"standard","meta":{"footnotes":""},"categories":[2],"tags":[],"class_list":["post-31976","post","type-post","status-publish","format-standard","has-post-thumbnail","hentry","category-actual"],"_links":{"self":[{"href":"https:\/\/247stiri.ro\/index.php\/wp-json\/wp\/v2\/posts\/31976","targetHints":{"allow":["GET"]}}],"collection":[{"href":"https:\/\/247stiri.ro\/index.php\/wp-json\/wp\/v2\/posts"}],"about":[{"href":"https:\/\/247stiri.ro\/index.php\/wp-json\/wp\/v2\/types\/post"}],"replies":[{"embeddable":true,"href":"https:\/\/247stiri.ro\/index.php\/wp-json\/wp\/v2\/comments?post=31976"}],"version-history":[{"count":0,"href":"https:\/\/247stiri.ro\/index.php\/wp-json\/wp\/v2\/posts\/31976\/revisions"}],"wp:featuredmedia":[{"embeddable":true,"href":"https:\/\/247stiri.ro\/index.php\/wp-json\/wp\/v2\/media\/31977"}],"wp:attachment":[{"href":"https:\/\/247stiri.ro\/index.php\/wp-json\/wp\/v2\/media?parent=31976"}],"wp:term":[{"taxonomy":"category","embeddable":true,"href":"https:\/\/247stiri.ro\/index.php\/wp-json\/wp\/v2\/categories?post=31976"},{"taxonomy":"post_tag","embeddable":true,"href":"https:\/\/247stiri.ro\/index.php\/wp-json\/wp\/v2\/tags?post=31976"}],"curies":[{"name":"wp","href":"https:\/\/api.w.org\/{rel}","templated":true}]}}