{"id":31990,"date":"2025-02-15T13:45:23","date_gmt":"2025-02-15T13:45:23","guid":{"rendered":"https:\/\/247stiri.ro\/index.php\/2025\/02\/15\/catalin-predoiu-reactie-la-acuzele-lui-jd-vance-statul-roman-sa-faca-mai-mult-pentru-a-explica-ce-s-a-intamplat-la-alegeri\/"},"modified":"2025-02-15T13:45:23","modified_gmt":"2025-02-15T13:45:23","slug":"catalin-predoiu-reactie-la-acuzele-lui-jd-vance-statul-roman-sa-faca-mai-mult-pentru-a-explica-ce-s-a-intamplat-la-alegeri","status":"publish","type":"post","link":"https:\/\/247stiri.ro\/index.php\/2025\/02\/15\/catalin-predoiu-reactie-la-acuzele-lui-jd-vance-statul-roman-sa-faca-mai-mult-pentru-a-explica-ce-s-a-intamplat-la-alegeri\/","title":{"rendered":"C\u0103t\u0103lin Predoiu, reac\u021bie la acuzele lui JD Vance: Statul rom\u00e2n s\u0103 fac\u0103 mai mult pentru a explica ce s-a \u00eent\u00e2mplat la alegeri"},"content":{"rendered":"<p>&#8216;Noua administra\u021bie de la Washington proiecteaz\u0103 o transformare rapid\u0103 a arhitecturii rela\u021biilor interna\u021bionale \u0219i mediului de securitate. \u00cen fa\u021ba acestor schimb\u0103ri dinamice, Rom\u00e2nia trebuie s\u0103 se adapteze rapid \u0219i s\u0103 \u00ee\u0219i construiasc\u0103 o pozi\u021bie solid\u0103 \u0219i proactiv\u0103&#8217;, a precizat el, conform unui comunicat transmis Agerpres.Liderul liberal subliniaz\u0103 c\u0103 &#8216;stabilitatea intern\u0103 este esen\u021bial\u0103 pentru a putea g\u0103si cele mai bune c\u0103i de a ne reprezenta \u0219i ap\u0103ra interesele, r\u0103m\u00e2n\u00e2nd ancora\u021bi \u00een parteneriatele noastre euroatlantice, ca \u021bar\u0103 membr\u0103 a UE \u0219i NATO&#8217;.&#8217;P\u0103strarea \u0219i prezervarea valorilor democratice \u0219i \u00eent\u0103rirea democra\u021biei reprezint\u0103 garan\u021bia libert\u0103\u021bii cet\u0103\u021benilor. Aceste valori au fost \u00eembr\u0103\u021bi\u0219ate de PNL \u00eenc\u0103 de la fondarea sa, valori pe care nu le-a abandonat, \u00een ciuda anilor de comunism \u0219i ateism traversa\u021bi de Rom\u00e2nia cu costuri istorice. Nu \u00eent\u00e2mpl\u0103tor, \u00een urm\u0103 cu 10 ani, PNL a intrat \u00een Partidul Popular European, partid care \u00eembr\u0103\u021bi\u0219eaz\u0103 la r\u00e2ndul s\u0103u aceste valori&#8217;, arat\u0103 ministrul.C\u0103t\u0103lin Predoiu a pledat astfel pentru alegeri libere \u0219i corecte.&#8217;Sunt convins c\u0103 diploma\u021bia noastr\u0103 formal\u0103 \u0219i informal\u0103 va g\u0103si cele mai bune mijloace pentru a dezvolta acest demers de clarificare cu succes. Interesul nostru este \u00een desf\u0103\u0219urarea unor alegeri libere, corecte, integre, legale \u0219i transparente. Este important s\u0103 protej\u0103m democra\u021bia de orice form\u0103 de amenin\u021b\u0103ri, discurs bazat pe ur\u0103 \u0219i violen\u021be. De asemenea, PNL va continua s\u0103 sus\u021bin\u0103 \u00eent\u0103rirea capacit\u0103\u021bii de ap\u0103rare a Rom\u00e2niei, garan\u021bie important\u0103 a securit\u0103\u021bii noastre&#8217;, a precizat el.Pre\u0219edintele interimar al PNL a subliniat importan\u021ba proiectelor SUA &#8211; Rom\u00e2nia.&#8217;\u00cen acela\u0219i timp, \u00een paralel cu proiectele noastre de dezvoltare bazate pe fonduri europene, este important s\u0103 identific\u0103m proiecte care pot fi reciproc avantajoase pentru SUA \u0219i Rom\u00e2nia, a\u0219a cum am discutat cu ocazia \u00eent\u00e2lnirii pe care am avut-o anul trecut la Washington cu senatorul Marco Rubio, actualul secretar de stat al Departamentului de Stat, respectiv pentru dezvoltarea Parteneriatului strategic cu SUA&#8217;, a mai spus C\u0103t\u0103lin Predoiu.<\/p>\n<p><a title=\"Mesajele indirecte trimise de JD Vance la Munchen. Dan Dungaciu, analiza momentului cu privire la discursul omului lui Trump \" href=\"https:\/\/www.realitatea.net\/stiri\/actual\/mesajele-indirecte-trimise-de-jd-vance-la-munchen-dan-dungaciu-analiza-momentului-cu-privire-la-discursul-omului-lui-trump_67b035409f1c9c044a0040e2\">Mesajele indirecte trimise de JD Vance la Munchen. Dan Dungaciu, analiza momentului cu privire la discursul omului lui Trump<\/a>Vineri, vicepre\u0219edintele american J.D. Vance a acuzat alia\u021bii europeni ai SUA c\u0103 cenzureaz\u0103 libertatea de exprimare \u0219i submineaz\u0103 valorile democratice, \u00eentr-un discurs sus\u021binut la Conferin\u021ba de Securitate de la Munchen, au relatat agen\u021biile Reuters, DPA \u0219i AFP, el critic\u00e2nd \u00een acest sens pozi\u021bia unui fost comisar european care a salutat decizia anul\u0103rii alegerilor preziden\u021biale din Rom\u00e2nia, decizie despre care Vance a spus c\u0103 a fost luat\u0103 &#8216;pe baza unor suspiciuni \u0219ubrede ale unei agen\u021bii de informa\u021bii&#8217; \u0219i \u00een urma unor presiuni externe.&#8217;Amenin\u021barea de care m\u0103 tem cel mai mult pentru Europa nu este Rusia, nu este China, nu este niciun alt actor extern. Ceea ce m\u0103 tem este c\u0103 amenin\u021barea vine din interior: regresul Europei de la unele dintre cele mai fundamentale valori ale sale, valori \u00eemp\u0103rt\u0103\u0219ite cu SUA&#8217;, a spus J.D. Vance. &#8216;Am fost uimit c\u00e2nd un fost membru al Comisiei Europene a spus c\u0103 i-a pl\u0103cut faptul c\u0103 Guvernul Rom\u00e2niei a anulat alegerile. Dac\u0103 acest lucru se \u00eent\u00e2mpl\u0103, atunci probabil c\u0103 se va \u00eent\u00e2mpla \u0219i \u00een Germania, este ceva \u0219ocant pentru urechea american\u0103. (&#8230;) C\u00e2nd vedem instan\u021bele europene anul\u00e2nd alegeri \u0219i oficiali spun\u00e2nd c\u0103 le vor anula pe altele, trebuie s\u0103 ne \u00eentreb\u0103m dac\u0103 tr\u0103im \u00een standardele noastre \u00eenalte ale democra\u021biei. (&#8230;) De fapt, trebuie s\u0103 facem mai mult dec\u00e2t s\u0103 vorbim despre valori democratice, trebuie s\u0103 tr\u0103im respect\u00e2ndu-le&#8217;, a indicat vicepre\u0219edintele SUA.Decizia anul\u0103rii alegerilor din Rom\u00e2nia a fost luat\u0103 &#8216;pe baza unor suspiciuni \u0219ubrede ale unei agen\u021bii de informa\u021bii&#8217; \u0219i \u00een urma &#8216;unei enorme presiuni din partea vecinilor continentali&#8217;, a remarcat vicepre\u0219edintele SUA.&#8217;Dac\u0103 democra\u021bia voastr\u0103 poate fi distrus\u0103 cu c\u00e2teva sute de mii de dolari pl\u0103ti\u021bi de o \u021bar\u0103 str\u0103in\u0103 pentru publicitate pe internet, atunci \u00eenseamn\u0103 c\u0103 ea nu este foarte puternic\u0103&#8217;, a ad\u0103ugat J.D. Vance, adres\u00e2ndu-se &#8216;prietenilor europeni&#8217;.<\/p>\n<p><a title=\"Nicolae Vlahu (AUR): Predoiu transforma Romania intr-un stat politienesc! \" href=\"https:\/\/www.realitatea.net\/stiri\/politica\/nicolae-vlahu-aur-predoiu-transforma-romania-intrun-stat-politienesc_67add4a59865de32412fdb62\">Nicolae Vlahu (AUR): Predoiu transform\u0103 Rom\u00e2nia \u00eentr-un stat poli\u021bienesc!<\/a><\/p>","protected":false},"excerpt":{"rendered":"<p>&#8216;Noua administra\u021bie de la Washington proiecteaz\u0103 o transformare rapid\u0103 a arhitecturii rela\u021biilor interna\u021bionale \u0219i mediului&hellip;<\/p>\n","protected":false},"author":0,"featured_media":31988,"comment_status":"open","ping_status":"open","sticky":false,"template":"","format":"standard","meta":{"footnotes":""},"categories":[2],"tags":[],"class_list":["post-31990","post","type-post","status-publish","format-standard","has-post-thumbnail","hentry","category-actual"],"_links":{"self":[{"href":"https:\/\/247stiri.ro\/index.php\/wp-json\/wp\/v2\/posts\/31990","targetHints":{"allow":["GET"]}}],"collection":[{"href":"https:\/\/247stiri.ro\/index.php\/wp-json\/wp\/v2\/posts"}],"about":[{"href":"https:\/\/247stiri.ro\/index.php\/wp-json\/wp\/v2\/types\/post"}],"replies":[{"embeddable":true,"href":"https:\/\/247stiri.ro\/index.php\/wp-json\/wp\/v2\/comments?post=31990"}],"version-history":[{"count":0,"href":"https:\/\/247stiri.ro\/index.php\/wp-json\/wp\/v2\/posts\/31990\/revisions"}],"wp:featuredmedia":[{"embeddable":true,"href":"https:\/\/247stiri.ro\/index.php\/wp-json\/wp\/v2\/media\/31988"}],"wp:attachment":[{"href":"https:\/\/247stiri.ro\/index.php\/wp-json\/wp\/v2\/media?parent=31990"}],"wp:term":[{"taxonomy":"category","embeddable":true,"href":"https:\/\/247stiri.ro\/index.php\/wp-json\/wp\/v2\/categories?post=31990"},{"taxonomy":"post_tag","embeddable":true,"href":"https:\/\/247stiri.ro\/index.php\/wp-json\/wp\/v2\/tags?post=31990"}],"curies":[{"name":"wp","href":"https:\/\/api.w.org\/{rel}","templated":true}]}}